{"id":3470,"date":"2023-11-14T11:58:45","date_gmt":"2023-11-14T14:58:45","guid":{"rendered":"https:\/\/jeffersonisac.adv.br\/index.php\/2023\/11\/14\/comissao-aprova-regulamentacao-da-atuacao-profissional-de-tecnologo-em-seguranca-do-trabalho\/"},"modified":"2023-11-14T11:58:45","modified_gmt":"2023-11-14T14:58:45","slug":"comissao-aprova-regulamentacao-da-atuacao-profissional-de-tecnologo-em-seguranca-do-trabalho","status":"publish","type":"post","link":"https:\/\/jeffersonisac.adv.br\/index.php\/2023\/11\/14\/comissao-aprova-regulamentacao-da-atuacao-profissional-de-tecnologo-em-seguranca-do-trabalho\/","title":{"rendered":"Comiss\u00e3o aprova regulamenta\u00e7\u00e3o da atua\u00e7\u00e3o profissional de tecn\u00f3logo em seguran\u00e7a do trabalho"},"content":{"rendered":"<div class=\"image-container\">\n<div class=\"midia-creditos\"><em>Mario Agra\/C\u00e2mara dos Deputados<\/em><\/div>\n<div class=\"media-wrapper\"><\/div>\n<div class=\"midia-legenda\">Fl\u00e1via Morais \u00e9 a autora do substitutivo<\/div>\n<\/div>\n<p>A Comiss\u00e3o de Trabalho aprovou projeto de lei que inclui na Consolida\u00e7\u00e3o das Leis do Trabalho (CLT) men\u00e7\u00e3o \u00e0s compet\u00eancias de profissionais graduados em cursos de tecn\u00f3logo em seguran\u00e7a do trabalho.<\/p>\n<p>O texto foi aprovado na forma do <span class=\"termoGlossario\">substitutivo<\/span> da deputada Fl\u00e1via Morais (PDT-GO) ao <a class=\"linkProposicao\" href=\"https:\/\/www.camara.leg.br\/noticias\/611564-projeto-insere-na-clt-a-regulamentacao-da-atuacao-profissional-de-tecnologos\">Projeto de Lei 5207\/19<\/a>, do deputado Alex Santana (Republicanos-BA). Ela retirou da proposta original a previs\u00e3o que atribui aos conselhos de fiscaliza\u00e7\u00e3o profissional, entidades consideradas autarquias, a compet\u00eancia para habilitar esses profissionais.<\/p>\n<p>Segundo ela, essa previs\u00e3o \u00e9 inconstitucional porque cabe ao presidente da Rep\u00fablica dispor, mediante decreto, sobre a organiza\u00e7\u00e3o e o funcionamento da administra\u00e7\u00e3o federal, quando n\u00e3o implicar aumento de despesa nem cria\u00e7\u00e3o ou extin\u00e7\u00e3o de \u00f3rg\u00e3os p\u00fablicos.<\/p>\n<p>\u201cReconhecer na legisla\u00e7\u00e3o do trabalho a compet\u00eancia do profissional especialista nessas \u00e1reas \u00e9 um avan\u00e7o para a preven\u00e7\u00e3o de acidentes de trabalhos no Pa\u00eds, colaborando com a redu\u00e7\u00e3o de custos, com a reintegra\u00e7\u00e3o de pessoal acidentado, o aumento na competitividade e a desonera\u00e7\u00e3o da Previd\u00eancia Social e do Sistema \u00danico de Sa\u00fade\u201d, afirmou a parlamentar.<\/p>\n<p><strong>Tramita\u00e7\u00e3o<\/strong><br \/>\nO projeto, que tramita em <span class=\"termoGlossario\">car\u00e1ter conclusivo<\/span>, ainda ser\u00e1 analisada pela Comiss\u00e3o de Constitui\u00e7\u00e3o e Justi\u00e7a e de Cidadania.<\/p>\n<p><a href=\"https:\/\/www.camara.leg.br\/noticias\/573454-SAIBA-MAIS-SOBRE-A-TRAMITACAO-DE-PROJETOS-DE-LEI\">Saiba mais sobre a tramita\u00e7\u00e3o de projetos de lei<\/a><\/p>","protected":false},"excerpt":{"rendered":"<p>Mario Agra\/C\u00e2mara dos Deputados Fl\u00e1via Morais \u00e9 a autora do substitutivo A Comiss\u00e3o de Trabalho aprovou projeto de lei que inclui na Consolida\u00e7\u00e3o das Leis do Trabalho (CLT) men\u00e7\u00e3o \u00e0s compet\u00eancias de profissionais graduados em cursos de tecn\u00f3logo em seguran\u00e7a do trabalho. O texto foi aprovado na forma do substitutivo da deputada Fl\u00e1via Morais (PDT-GO) [&hellip;]<\/p>\n","protected":false},"author":0,"featured_media":0,"comment_status":"open","ping_status":"open","sticky":false,"template":"","format":"standard","meta":{"footnotes":""},"categories":[1],"tags":[],"_links":{"self":[{"href":"https:\/\/jeffersonisac.adv.br\/index.php\/wp-json\/wp\/v2\/posts\/3470"}],"collection":[{"href":"https:\/\/jeffersonisac.adv.br\/index.php\/wp-json\/wp\/v2\/posts"}],"about":[{"href":"https:\/\/jeffersonisac.adv.br\/index.php\/wp-json\/wp\/v2\/types\/post"}],"replies":[{"embeddable":true,"href":"https:\/\/jeffersonisac.adv.br\/index.php\/wp-json\/wp\/v2\/comments?post=3470"}],"version-history":[{"count":0,"href":"https:\/\/jeffersonisac.adv.br\/index.php\/wp-json\/wp\/v2\/posts\/3470\/revisions"}],"wp:attachment":[{"href":"https:\/\/jeffersonisac.adv.br\/index.php\/wp-json\/wp\/v2\/media?parent=3470"}],"wp:term":[{"taxonomy":"category","embeddable":true,"href":"https:\/\/jeffersonisac.adv.br\/index.php\/wp-json\/wp\/v2\/categories?post=3470"},{"taxonomy":"post_tag","embeddable":true,"href":"https:\/\/jeffersonisac.adv.br\/index.php\/wp-json\/wp\/v2\/tags?post=3470"}],"curies":[{"name":"wp","href":"https:\/\/api.w.org\/{rel}","templated":true}]}}