{"id":3474,"date":"2023-11-14T11:58:46","date_gmt":"2023-11-14T14:58:46","guid":{"rendered":"https:\/\/jeffersonisac.adv.br\/index.php\/2023\/11\/14\/projeto-proibe-cobranca-de-contribuicao-sindical-em-condominios-de-edificios\/"},"modified":"2023-11-14T11:58:46","modified_gmt":"2023-11-14T14:58:46","slug":"projeto-proibe-cobranca-de-contribuicao-sindical-em-condominios-de-edificios","status":"publish","type":"post","link":"https:\/\/jeffersonisac.adv.br\/index.php\/2023\/11\/14\/projeto-proibe-cobranca-de-contribuicao-sindical-em-condominios-de-edificios\/","title":{"rendered":"Projeto pro\u00edbe cobran\u00e7a de contribui\u00e7\u00e3o sindical em condom\u00ednios de edif\u00edcios"},"content":{"rendered":"<div class=\"image-container\">\n<div class=\"midia-creditos\"><em>Zeca Ribeiro\/C\u00e2mara dos Deputados<\/em><\/div>\n<div class=\"media-wrapper\"><\/div>\n<div class=\"midia-legenda\">Kim Kataguiri \u00e9 o autor do projeto<\/div>\n<\/div>\n<p><span>O <a class=\"linkProposicao\" href=\"https:\/\/www.camara.leg.br\/noticias\/995934-projeto-proibe-cobranca-de-contribuicao-sindical-em-condominios-de-edificios\">Projeto de Lei 1439\/23<\/a> pro\u00edbe a cobran\u00e7a de contribui\u00e7\u00e3o sindical em condom\u00ednios habitacionais de edif\u00edcios, definidos como aqueles compostos por unidades aut\u00f4nomas utilizadas exclusivamente para fins residenciais.<\/span><\/p>\n<p><span>\u201cAtualmente, algumas entidades sindicais t\u00eam cobrado essa contribui\u00e7\u00e3o de moradores de condom\u00ednios, mesmo que eles n\u00e3o exer\u00e7am atividade profissional e n\u00e3o tenham v\u00ednculo empregat\u00edcio com qualquer empresa\u201d, afirma o deputado Kim Kataguiri (Uni\u00e3o-SP), autor da proposta.\u00a0<\/span><\/p>\n<p><span>\u201cEssa pr\u00e1tica, al\u00e9m de ser abusiva, desrespeita o princ\u00edpio constitucional da liberdade de associa\u00e7\u00e3o, uma vez que imp\u00f5e a obrigatoriedade do pagamento de uma taxa sem que haja um consentimento expresso por parte dos cond\u00f4minos\u201d, completou.\u00a0<\/span><\/p>\n<p><span>Em an\u00e1lise na C\u00e2mara dos Deputados, a proposta insere a medida na <a class=\"linkLegislacao\" href=\"https:\/\/www2.camara.gov.br\/legin\/fed\/lei\/1960-1969\/lei-4591-16-dezembro-1964-368909-norma-pl.html\">Lei 4.591\/64<\/a>, que trata do condom\u00ednio em edifica\u00e7\u00f5es e as incorpora\u00e7\u00f5es imobili\u00e1rias.<\/span><\/p>\n<p><strong>Tramita\u00e7\u00e3o<\/strong><span><br \/>\n<\/span><span>A proposta ser\u00e1 analisada em <span class=\"termoGlossario\">car\u00e1ter conclusivo<\/span> pelas c<\/span><span>omiss\u00f5es de Trabalho; de Finan\u00e7as e Tributa\u00e7\u00e3o; e de Constitui\u00e7\u00e3o e Justi\u00e7a e de Cidadania.<\/span><\/p>\n<p><a href=\"https:\/\/www.camara.leg.br\/noticias\/573454-SAIBA-MAIS-SOBRE-A-TRAMITACAO-DE-PROJETOS-DE-LEI\">Saiba mais sobre a tramita\u00e7\u00e3o de projetos de lei<\/a><\/p>","protected":false},"excerpt":{"rendered":"<p>Zeca Ribeiro\/C\u00e2mara dos Deputados Kim Kataguiri \u00e9 o autor do projeto O Projeto de Lei 1439\/23 pro\u00edbe a cobran\u00e7a de contribui\u00e7\u00e3o sindical em condom\u00ednios habitacionais de edif\u00edcios, definidos como aqueles compostos por unidades aut\u00f4nomas utilizadas exclusivamente para fins residenciais. \u201cAtualmente, algumas entidades sindicais t\u00eam cobrado essa contribui\u00e7\u00e3o de moradores de condom\u00ednios, mesmo que eles n\u00e3o [&hellip;]<\/p>\n","protected":false},"author":0,"featured_media":0,"comment_status":"open","ping_status":"open","sticky":false,"template":"","format":"standard","meta":{"footnotes":""},"categories":[1],"tags":[],"_links":{"self":[{"href":"https:\/\/jeffersonisac.adv.br\/index.php\/wp-json\/wp\/v2\/posts\/3474"}],"collection":[{"href":"https:\/\/jeffersonisac.adv.br\/index.php\/wp-json\/wp\/v2\/posts"}],"about":[{"href":"https:\/\/jeffersonisac.adv.br\/index.php\/wp-json\/wp\/v2\/types\/post"}],"replies":[{"embeddable":true,"href":"https:\/\/jeffersonisac.adv.br\/index.php\/wp-json\/wp\/v2\/comments?post=3474"}],"version-history":[{"count":0,"href":"https:\/\/jeffersonisac.adv.br\/index.php\/wp-json\/wp\/v2\/posts\/3474\/revisions"}],"wp:attachment":[{"href":"https:\/\/jeffersonisac.adv.br\/index.php\/wp-json\/wp\/v2\/media?parent=3474"}],"wp:term":[{"taxonomy":"category","embeddable":true,"href":"https:\/\/jeffersonisac.adv.br\/index.php\/wp-json\/wp\/v2\/categories?post=3474"},{"taxonomy":"post_tag","embeddable":true,"href":"https:\/\/jeffersonisac.adv.br\/index.php\/wp-json\/wp\/v2\/tags?post=3474"}],"curies":[{"name":"wp","href":"https:\/\/api.w.org\/{rel}","templated":true}]}}