{"id":3478,"date":"2023-11-14T18:43:03","date_gmt":"2023-11-14T21:43:03","guid":{"rendered":"https:\/\/jeffersonisac.adv.br\/index.php\/2023\/11\/14\/projeto-inclui-disturbio-vocal-entre-doencas-relacionadas-ao-trabalho-de-notificacao-compulsoria\/"},"modified":"2023-11-14T18:43:03","modified_gmt":"2023-11-14T21:43:03","slug":"projeto-inclui-disturbio-vocal-entre-doencas-relacionadas-ao-trabalho-de-notificacao-compulsoria","status":"publish","type":"post","link":"https:\/\/jeffersonisac.adv.br\/index.php\/2023\/11\/14\/projeto-inclui-disturbio-vocal-entre-doencas-relacionadas-ao-trabalho-de-notificacao-compulsoria\/","title":{"rendered":"Projeto inclui dist\u00farbio vocal entre doen\u00e7as relacionadas ao trabalho de notifica\u00e7\u00e3o compuls\u00f3ria"},"content":{"rendered":"<div class=\"image-container\">\n<div class=\"midia-creditos\"><em>Zeca Ribeiro\/C\u00e2mara dos Deputados<\/em><\/div>\n<div class=\"media-wrapper\"><\/div>\n<div class=\"midia-legenda\">Rog\u00e9rio Correia, autor da proposta<\/div>\n<\/div>\n<p><span>O Projeto de Lei 3993\/23 inclui o dist\u00farbio vocal relacionado ao trabalho na rela\u00e7\u00e3o de doen\u00e7as relacionadas ao trabalho e torna sua notifica\u00e7\u00e3o compuls\u00f3ria.\u00a0<\/span><\/p>\n<p><span>A notifica\u00e7\u00e3o dever\u00e1 ser realizada por meio do Sistema Nacional de Agravos de Notifica\u00e7\u00e3o (Sinan) pelo profissional fonoaudi\u00f3logo ou m\u00e9dico que realizou o diagn\u00f3stico do dist\u00farbio.<\/span><\/p>\n<p><span>Segundo a proposta em an\u00e1lise na C\u00e2mara dos Deputados, s\u00e3o considerados dist\u00farbios de voz relacionados ao trabalho qualquer forma de desvio vocal relacionado \u00e0 atividade profissional que diminua, comprometa ou impe\u00e7a a atua\u00e7\u00e3o ou a comunica\u00e7\u00e3o do trabalhador, podendo ou n\u00e3o haver altera\u00e7\u00e3o org\u00e2nica da laringe.<\/span><\/p>\n<p><span>Autor do projeto, o deputado Rog\u00e9rio Correia (PT-MG) informou que o Minist\u00e9rio da Sa\u00fade, em 2018, por meio do Departamento de Vigil\u00e2ncia em Sa\u00fade Ambiental e Sa\u00fade do Trabalhador, destacou a complexidade do dist\u00farbio de voz relacionado ao trabalho em publica\u00e7\u00e3o sobre os Protocolos de Complexidade Diferenciada na Sa\u00fade do Trabalhador. A publica\u00e7\u00e3o cita maior ocorr\u00eancia de dist\u00farbio vocal entre trabalhadores que utilizam a voz profissionalmente, principalmente entre professores e teleoperadores.<\/span><\/p>\n<p><span>A proposta apresentada pelo parlamentar busca \u201cassegurar o direito \u00e0 sa\u00fade e contribuir com o conjunto de medidas protetivas e promover a sa\u00fade vocal aos profissionais da educa\u00e7\u00e3o e a todas as categorias que utilizam a voz como instrumento de trabalho\u201d.<\/span><\/p>\n<p><strong>Tramita\u00e7\u00e3o<\/strong><span><br \/>\n<\/span><span>O projeto ser\u00e1 analisado em <span class=\"termoGlossario\">car\u00e1ter conclusivo<\/span> pelas c<\/span><span>omiss\u00f5es de Sa\u00fade; e de Constitui\u00e7\u00e3o e Justi\u00e7a e de Cidadania.<\/span><\/p>\n<p><a href=\"https:\/\/www.camara.leg.br\/noticias\/573454-SAIBA-MAIS-SOBRE-A-TRAMITACAO-DE-PROJETOS-DE-LEI\">Saiba mais sobre a tramita\u00e7\u00e3o de projetos de lei<\/a><\/p>","protected":false},"excerpt":{"rendered":"<p>Zeca Ribeiro\/C\u00e2mara dos Deputados Rog\u00e9rio Correia, autor da proposta O Projeto de Lei 3993\/23 inclui o dist\u00farbio vocal relacionado ao trabalho na rela\u00e7\u00e3o de doen\u00e7as relacionadas ao trabalho e torna sua notifica\u00e7\u00e3o compuls\u00f3ria.\u00a0 A notifica\u00e7\u00e3o dever\u00e1 ser realizada por meio do Sistema Nacional de Agravos de Notifica\u00e7\u00e3o (Sinan) pelo profissional fonoaudi\u00f3logo ou m\u00e9dico que realizou [&hellip;]<\/p>\n","protected":false},"author":0,"featured_media":0,"comment_status":"open","ping_status":"open","sticky":false,"template":"","format":"standard","meta":{"footnotes":""},"categories":[1],"tags":[],"_links":{"self":[{"href":"https:\/\/jeffersonisac.adv.br\/index.php\/wp-json\/wp\/v2\/posts\/3478"}],"collection":[{"href":"https:\/\/jeffersonisac.adv.br\/index.php\/wp-json\/wp\/v2\/posts"}],"about":[{"href":"https:\/\/jeffersonisac.adv.br\/index.php\/wp-json\/wp\/v2\/types\/post"}],"replies":[{"embeddable":true,"href":"https:\/\/jeffersonisac.adv.br\/index.php\/wp-json\/wp\/v2\/comments?post=3478"}],"version-history":[{"count":0,"href":"https:\/\/jeffersonisac.adv.br\/index.php\/wp-json\/wp\/v2\/posts\/3478\/revisions"}],"wp:attachment":[{"href":"https:\/\/jeffersonisac.adv.br\/index.php\/wp-json\/wp\/v2\/media?parent=3478"}],"wp:term":[{"taxonomy":"category","embeddable":true,"href":"https:\/\/jeffersonisac.adv.br\/index.php\/wp-json\/wp\/v2\/categories?post=3478"},{"taxonomy":"post_tag","embeddable":true,"href":"https:\/\/jeffersonisac.adv.br\/index.php\/wp-json\/wp\/v2\/tags?post=3478"}],"curies":[{"name":"wp","href":"https:\/\/api.w.org\/{rel}","templated":true}]}}