{"id":3486,"date":"2023-11-16T11:43:16","date_gmt":"2023-11-16T14:43:16","guid":{"rendered":"https:\/\/jeffersonisac.adv.br\/index.php\/2023\/11\/16\/projeto-dispensa-portadores-de-marca-passo-de-passar-por-portas-detetoras-de-metal\/"},"modified":"2023-11-16T11:43:16","modified_gmt":"2023-11-16T14:43:16","slug":"projeto-dispensa-portadores-de-marca-passo-de-passar-por-portas-detetoras-de-metal","status":"publish","type":"post","link":"https:\/\/jeffersonisac.adv.br\/index.php\/2023\/11\/16\/projeto-dispensa-portadores-de-marca-passo-de-passar-por-portas-detetoras-de-metal\/","title":{"rendered":"Projeto dispensa portadores de marca-passo de passar por portas detetoras de metal"},"content":{"rendered":"<div class=\"image-container\">\n<div class=\"midia-creditos\"><em>Bruno Spada \/ C\u00e2mara dos Deputados<\/em><\/div>\n<div class=\"media-wrapper\"><\/div>\n<div class=\"midia-legenda\">Marx Beltr\u00e3o \u00e9 o autor do projeto<\/div>\n<\/div>\n<p>O Projeto de Lei 3842\/23 dispensa portadores de marca-passo de passar por portas detetoras de metal ou por outros dispositivos de seguran\u00e7a similares.<\/p>\n<p>Pela proposta, os portadores desses aparelhos ser\u00e3o liberados ap\u00f3s apresentarem comprovante timbrado emitido pelo estabelecimento hospitalar onde foi realizado o implante com assinatura e carimbo do m\u00e9dico respons\u00e1vel pelo procedimento.<\/p>\n<p>Na aus\u00eancia do documento hospitalar, o texto estabelece que a inspe\u00e7\u00e3o seja feita por detector manual em forma de bast\u00e3o ou outro meio semelhante, desde que n\u00e3o afete o funcionamento dos aparelhos.<\/p>\n<p>O autor da proposta, deputado Marx Beltr\u00e3o (PP-AL), avalia que s\u00e3o percept\u00edveis as dificuldades por que passam os portadores desses aparelhos por conta da falta de uma lei espec\u00edfica sobre o tema.<\/p>\n<p>\u201cA radia\u00e7\u00e3o [das portas detetoras] pode afetar o funcionamento dos aparelhos, trazendo riscos \u00e0 sa\u00fade. Essas pessoas poder\u00e3o, no entanto, ser submetidas \u00e0 revista individualizada em sala reservada, sendo o revistador do mesmo sexo do revistado\u201d, justifica o deputado.<\/p>\n<p><strong>Tramita\u00e7\u00e3o<br \/>\n<\/strong>O projeto, que tramita em <span class=\"termoGlossario\">car\u00e1ter conclusivo<\/span>, ser\u00e1 analisado pelas comiss\u00f5es de Sa\u00fade; de Seguran\u00e7a P\u00fablica e Combate ao Crime Organizado; e de Constitui\u00e7\u00e3o e Justi\u00e7a e de Cidadania.<\/p>\n<p><a href=\"https:\/\/www.camara.leg.br\/noticias\/573454-SAIBA-MAIS-SOBRE-A-TRAMITACAO-DE-PROJETOS-DE-LEI\">Saiba mais sobre a tramita\u00e7\u00e3o de projetos de lei<\/a><\/p>","protected":false},"excerpt":{"rendered":"<p>Bruno Spada \/ C\u00e2mara dos Deputados Marx Beltr\u00e3o \u00e9 o autor do projeto O Projeto de Lei 3842\/23 dispensa portadores de marca-passo de passar por portas detetoras de metal ou por outros dispositivos de seguran\u00e7a similares. Pela proposta, os portadores desses aparelhos ser\u00e3o liberados ap\u00f3s apresentarem comprovante timbrado emitido pelo estabelecimento hospitalar onde foi realizado [&hellip;]<\/p>\n","protected":false},"author":0,"featured_media":0,"comment_status":"open","ping_status":"open","sticky":false,"template":"","format":"standard","meta":{"footnotes":""},"categories":[1],"tags":[],"_links":{"self":[{"href":"https:\/\/jeffersonisac.adv.br\/index.php\/wp-json\/wp\/v2\/posts\/3486"}],"collection":[{"href":"https:\/\/jeffersonisac.adv.br\/index.php\/wp-json\/wp\/v2\/posts"}],"about":[{"href":"https:\/\/jeffersonisac.adv.br\/index.php\/wp-json\/wp\/v2\/types\/post"}],"replies":[{"embeddable":true,"href":"https:\/\/jeffersonisac.adv.br\/index.php\/wp-json\/wp\/v2\/comments?post=3486"}],"version-history":[{"count":0,"href":"https:\/\/jeffersonisac.adv.br\/index.php\/wp-json\/wp\/v2\/posts\/3486\/revisions"}],"wp:attachment":[{"href":"https:\/\/jeffersonisac.adv.br\/index.php\/wp-json\/wp\/v2\/media?parent=3486"}],"wp:term":[{"taxonomy":"category","embeddable":true,"href":"https:\/\/jeffersonisac.adv.br\/index.php\/wp-json\/wp\/v2\/categories?post=3486"},{"taxonomy":"post_tag","embeddable":true,"href":"https:\/\/jeffersonisac.adv.br\/index.php\/wp-json\/wp\/v2\/tags?post=3486"}],"curies":[{"name":"wp","href":"https:\/\/api.w.org\/{rel}","templated":true}]}}