{"id":3490,"date":"2023-11-16T13:37:36","date_gmt":"2023-11-16T16:37:36","guid":{"rendered":"https:\/\/jeffersonisac.adv.br\/index.php\/2023\/11\/16\/projeto-proibe-cobranca-de-taxa-para-prioridade-no-embarque-em-aviao\/"},"modified":"2023-11-16T13:37:36","modified_gmt":"2023-11-16T16:37:36","slug":"projeto-proibe-cobranca-de-taxa-para-prioridade-no-embarque-em-aviao","status":"publish","type":"post","link":"https:\/\/jeffersonisac.adv.br\/index.php\/2023\/11\/16\/projeto-proibe-cobranca-de-taxa-para-prioridade-no-embarque-em-aviao\/","title":{"rendered":"Projeto pro\u00edbe cobran\u00e7a de taxa para prioridade no embarque em avi\u00e3o"},"content":{"rendered":"<div class=\"image-container\">\n<div class=\"midia-creditos\"><em>Zeca Ribeiro \/ C\u00e2mara dos Deputados<\/em><\/div>\n<div class=\"media-wrapper\"><\/div>\n<div class=\"midia-legenda\">Alberto Fraga \u00e9 o autor do projeto<\/div>\n<\/div>\n<p>O Projeto de Lei 2723\/23 determina que a cobran\u00e7a de qualquer valor para dar prefer\u00eancia na hora do embarque em avi\u00e3o ser\u00e1 considerada pr\u00e1tica abusiva. A companhia a\u00e9rea pode sofrer penalidades, como multa. A proposta tramita na C\u00e2mara dos Deputados.<\/p>\n<p>O projeto \u00e9 do deputado Alberto Fraga (PL-DF). Ele afirma que recentemente as companhias a\u00e9reas passaram a cobrar uma taxa dos passageiros que desejam embarcar com a bagagem de m\u00e3o dentro da aeronave.<\/p>\n<p>O pagamento da taxa tamb\u00e9m d\u00e1 direito \u00e0 prioridade na entrada da aeronave. \u201cCriou-se uma dificuldade para se vender uma facilidade, o que deve ser claramente estabelecido como pr\u00e1tica abusiva\u201d, disse Fraga.<\/p>\n<p><strong>Ordem de chegada<br \/>\n<\/strong>A proposta estabelece ainda que o embarque deve respeitar a ordem de chegada dos passageiros, salvo os casos de prioridades previstas em lei, como de idoso ou adulto com crian\u00e7a de colo.<\/p>\n<p>O texto inclui as novas regras no <a href=\"https:\/\/www2.camara.leg.br\/legin\/fed\/lei\/1990\/lei-8078-11-setembro-1990-365086-norma-pl.html\">C\u00f3digo de Defesa do Consumidor<\/a>, e ser\u00e1 analisado, em car\u00e1ter conclusivo, por duas comiss\u00f5es: Defesa do Consumidor e Constitui\u00e7\u00e3o e Justi\u00e7a e de Cidadania.<\/p>\n<p><strong>Programa de fidelidade<br \/>\n<\/strong>O projeto tamb\u00e9m obriga as companhias a\u00e9reas a redigir de forma clara os programas de fidelidade ou terrestres, com pr\u00e9via divulga\u00e7\u00e3o ao consumidor e regras v\u00e1lidas por pelo menos 12 meses. O descumprimento dessa regra constitui pr\u00e1tica abusiva.<\/p>\n<p><strong>Tramita\u00e7\u00e3o<br \/>\n<\/strong>A proposta tramita em <span class=\"termoGlossario\">car\u00e1ter conclusivo<\/span> e ser\u00e1 analisado pelas comiss\u00f5es de<br \/>\nDefesa do Consumidor e de Constitui\u00e7\u00e3o e Justi\u00e7a e de Cidadania.<\/p>\n<p><a href=\"https:\/\/www.camara.leg.br\/noticias\/573454-SAIBA-MAIS-SOBRE-A-TRAMITACAO-DE-PROJETOS-DE-LEI\">Saiba mais sobre a tramita\u00e7\u00e3o de projetos de lei<\/a><\/p>","protected":false},"excerpt":{"rendered":"<p>Zeca Ribeiro \/ C\u00e2mara dos Deputados Alberto Fraga \u00e9 o autor do projeto O Projeto de Lei 2723\/23 determina que a cobran\u00e7a de qualquer valor para dar prefer\u00eancia na hora do embarque em avi\u00e3o ser\u00e1 considerada pr\u00e1tica abusiva. A companhia a\u00e9rea pode sofrer penalidades, como multa. A proposta tramita na C\u00e2mara dos Deputados. O projeto [&hellip;]<\/p>\n","protected":false},"author":0,"featured_media":0,"comment_status":"open","ping_status":"open","sticky":false,"template":"","format":"standard","meta":{"footnotes":""},"categories":[1],"tags":[],"_links":{"self":[{"href":"https:\/\/jeffersonisac.adv.br\/index.php\/wp-json\/wp\/v2\/posts\/3490"}],"collection":[{"href":"https:\/\/jeffersonisac.adv.br\/index.php\/wp-json\/wp\/v2\/posts"}],"about":[{"href":"https:\/\/jeffersonisac.adv.br\/index.php\/wp-json\/wp\/v2\/types\/post"}],"replies":[{"embeddable":true,"href":"https:\/\/jeffersonisac.adv.br\/index.php\/wp-json\/wp\/v2\/comments?post=3490"}],"version-history":[{"count":0,"href":"https:\/\/jeffersonisac.adv.br\/index.php\/wp-json\/wp\/v2\/posts\/3490\/revisions"}],"wp:attachment":[{"href":"https:\/\/jeffersonisac.adv.br\/index.php\/wp-json\/wp\/v2\/media?parent=3490"}],"wp:term":[{"taxonomy":"category","embeddable":true,"href":"https:\/\/jeffersonisac.adv.br\/index.php\/wp-json\/wp\/v2\/categories?post=3490"},{"taxonomy":"post_tag","embeddable":true,"href":"https:\/\/jeffersonisac.adv.br\/index.php\/wp-json\/wp\/v2\/tags?post=3490"}],"curies":[{"name":"wp","href":"https:\/\/api.w.org\/{rel}","templated":true}]}}