{"id":3491,"date":"2023-11-16T13:37:37","date_gmt":"2023-11-16T16:37:37","guid":{"rendered":"https:\/\/jeffersonisac.adv.br\/index.php\/2023\/11\/16\/proposta-estabelece-requisitos-para-os-dirigentes-dos-fundos-de-pensao\/"},"modified":"2023-11-16T13:37:37","modified_gmt":"2023-11-16T16:37:37","slug":"proposta-estabelece-requisitos-para-os-dirigentes-dos-fundos-de-pensao","status":"publish","type":"post","link":"https:\/\/jeffersonisac.adv.br\/index.php\/2023\/11\/16\/proposta-estabelece-requisitos-para-os-dirigentes-dos-fundos-de-pensao\/","title":{"rendered":"Proposta estabelece requisitos para os dirigentes dos fundos de pens\u00e3o"},"content":{"rendered":"<div class=\"image-container\">\n<div class=\"midia-creditos\"><em>Depositphotos<\/em><\/div>\n<div class=\"media-wrapper\"><\/div>\n<div class=\"midia-legenda\"><\/div>\n<\/div>\n<p>O Projeto de Lei Complementar (PLP) 40\/23 elenca uma s\u00e9rie de requisitos para os candidatos a vagas nos colegiados t\u00e9cnicos, nas diretorias e nos conselhos das entidades de previd\u00eancia complementar. O texto em an\u00e1lise na C\u00e2mara dos Deputados altera a <a class=\"linkLegislacao\" href=\"https:\/\/www2.camara.gov.br\/legin\/fed\/leicom\/2001\/leicomplementar-109-29-maio-2001-328208-norma-pl.html\">Lei Complementar 109\/01<\/a>, que regulamenta o setor no Pa\u00eds.<\/p>\n<p>Pela proposta, os integrantes dos conselhos deliberativo ou fiscal dever\u00e3o ter experi\u00eancia comprovada de pelo menos cinco anos, conforme o caso, nas \u00e1reas financeira, administrativa, cont\u00e1bil, jur\u00eddica, de fiscaliza\u00e7\u00e3o ou de auditoria em entidades fechadas de previd\u00eancia complementar cujo patrim\u00f4nio seja de pelo menos 20% daquele da institui\u00e7\u00e3o na qual o candidato pretende ingressar.<\/p>\n<p>Indicados para a diretoria das entidades de previd\u00eancia complementar, incluindo a presid\u00eancia, quando for o caso, dever\u00e3o ter forma\u00e7\u00e3o no ensino superior, e, ainda, atender aos mesmos requisitos dos pretendentes aos conselhos. Em todos os casos ser\u00e1 recomendado o processo seletivo por organiza\u00e7\u00e3o aut\u00f4noma.<\/p>\n<p><strong>Setor p\u00fablico<br \/>\n<\/strong>Nas entidades fechadas de previd\u00eancia complementar patrocinadas por empresa, funda\u00e7\u00e3o ou entidade vinculada ao setor p\u00fablico ou por sociedade de economia mista, a fiscaliza\u00e7\u00e3o dessas indica\u00e7\u00f5es caber\u00e1 \u00e0 Superintend\u00eancia Nacional de Previd\u00eancia Complementar (Previc) e ao Tribunal de Contas da Uni\u00e3o (TCU).<\/p>\n<p>\u201cO Pa\u00eds voltou a observar a escolha de pessoas que aparentemente n\u00e3o possuem repert\u00f3rio t\u00e9cnico ou conhecimento para fazer a gest\u00e3o dos fundos de pens\u00e3o, o que pode agravar o desequil\u00edbrio e prejudicar os benefici\u00e1rios\u201d, afirmou o autor da proposta, o deputado licenciado Sandro Alex (PR), ao defender as mudan\u00e7as.<\/p>\n<p><strong>Tramita\u00e7\u00e3o<\/strong><br \/>\nO projeto ser\u00e1 analisado pelas comiss\u00f5es de Administra\u00e7\u00e3o e Servi\u00e7o P\u00fablico; de Previd\u00eancia, Assist\u00eancia Social, Inf\u00e2ncia, Adolesc\u00eancia e Fam\u00edlia; e de Constitui\u00e7\u00e3o e Justi\u00e7a e de Cidadania. Depois seguir\u00e1 para o Plen\u00e1rio.<\/p>\n<p><a href=\"https:\/\/www.camara.leg.br\/noticias\/606442-conheca-a-tramitacao-de-projetos-de-lei-complementar\/\">Conhe\u00e7a a tramita\u00e7\u00e3o de projetos de lei complementar<\/a><\/p>","protected":false},"excerpt":{"rendered":"<p>Depositphotos O Projeto de Lei Complementar (PLP) 40\/23 elenca uma s\u00e9rie de requisitos para os candidatos a vagas nos colegiados t\u00e9cnicos, nas diretorias e nos conselhos das entidades de previd\u00eancia complementar. O texto em an\u00e1lise na C\u00e2mara dos Deputados altera a Lei Complementar 109\/01, que regulamenta o setor no Pa\u00eds. Pela proposta, os integrantes dos [&hellip;]<\/p>\n","protected":false},"author":0,"featured_media":0,"comment_status":"open","ping_status":"open","sticky":false,"template":"","format":"standard","meta":{"footnotes":""},"categories":[1],"tags":[],"_links":{"self":[{"href":"https:\/\/jeffersonisac.adv.br\/index.php\/wp-json\/wp\/v2\/posts\/3491"}],"collection":[{"href":"https:\/\/jeffersonisac.adv.br\/index.php\/wp-json\/wp\/v2\/posts"}],"about":[{"href":"https:\/\/jeffersonisac.adv.br\/index.php\/wp-json\/wp\/v2\/types\/post"}],"replies":[{"embeddable":true,"href":"https:\/\/jeffersonisac.adv.br\/index.php\/wp-json\/wp\/v2\/comments?post=3491"}],"version-history":[{"count":0,"href":"https:\/\/jeffersonisac.adv.br\/index.php\/wp-json\/wp\/v2\/posts\/3491\/revisions"}],"wp:attachment":[{"href":"https:\/\/jeffersonisac.adv.br\/index.php\/wp-json\/wp\/v2\/media?parent=3491"}],"wp:term":[{"taxonomy":"category","embeddable":true,"href":"https:\/\/jeffersonisac.adv.br\/index.php\/wp-json\/wp\/v2\/categories?post=3491"},{"taxonomy":"post_tag","embeddable":true,"href":"https:\/\/jeffersonisac.adv.br\/index.php\/wp-json\/wp\/v2\/tags?post=3491"}],"curies":[{"name":"wp","href":"https:\/\/api.w.org\/{rel}","templated":true}]}}