{"id":3497,"date":"2023-11-16T18:01:26","date_gmt":"2023-11-16T21:01:26","guid":{"rendered":"https:\/\/jeffersonisac.adv.br\/index.php\/2023\/11\/16\/comissao-de-cultura-debate-criacao-do-dia-nacional-do-brega\/"},"modified":"2023-11-16T18:01:26","modified_gmt":"2023-11-16T21:01:26","slug":"comissao-de-cultura-debate-criacao-do-dia-nacional-do-brega","status":"publish","type":"post","link":"https:\/\/jeffersonisac.adv.br\/index.php\/2023\/11\/16\/comissao-de-cultura-debate-criacao-do-dia-nacional-do-brega\/","title":{"rendered":"Comiss\u00e3o de Cultura debate cria\u00e7\u00e3o do Dia Nacional do Brega"},"content":{"rendered":"<div class=\"image-container\">\n<div class=\"midia-creditos\"><em>Zeca Ribeiro \/ C\u00e2mara dos Deputados<\/em><\/div>\n<div class=\"media-wrapper\"><\/div>\n<div class=\"midia-legenda\">L\u00eddice da Mata: brega \u00e9 um g\u00eanero musical que desempenha papel fundamental na cultura brasileira<\/div>\n<\/div>\n<p>A Comiss\u00e3o de Cultura da C\u00e2mara dos Deputados promove audi\u00eancia p\u00fablica na ter\u00e7a-feira (21) sobre a cria\u00e7\u00e3o do Dia Nacional do Brega.<\/p>\n<p>A sugest\u00e3o do debate \u00e9 da deputada L\u00eddice da Mata (PSB-BA). Para ela, a discuss\u00e3o do tema tem repercuss\u00e3o na constru\u00e7\u00e3o da identidade cultural do Brasil. &#8220;O brega \u00e9 um g\u00eanero musical que desempenha um papel fundamental na cultura<br \/>\npopular brasileira e merece ser celebrado e discutido devido \u00e0 sua relev\u00e2ncia social, cultural e hist\u00f3rica&#8221;, disse.<\/p>\n<p>A deputada acredita que a celebra\u00e7\u00e3o do Dia Nacional do Brega pode abrir portas para a preserva\u00e7\u00e3o de seu legado, a promo\u00e7\u00e3o de novos talentos e o fortalecimento do orgulho cultural em rela\u00e7\u00e3o a esse g\u00eanero.<\/p>\n<p>&#8220;A m\u00fasica brega possui ra\u00edzes profundas na diversidade do Brasil, refletindo as nuances culturais de diferentes regi\u00f5es do pa\u00eds. Ela se destaca por sua capacidade de conectar gera\u00e7\u00f5es, servindo como uma trilha sonora para momentos significativos na vida das pessoas. Al\u00e9m disso, o brega \u00e9 um importante vetor de inclus\u00e3o social, proporcionando oportunidades a artistas e m\u00fasicos talentosos que muitas vezes s\u00e3o marginalizados&#8221;, defendeu.<\/p>\n<p>A reuni\u00e3o ocorre \u00e0s 9h30, no plen\u00e1rio 10. <a href=\"https:\/\/www.camara.leg.br\/evento-legislativo\/70862\">Confira a lista de convidados<\/a>.<\/p>","protected":false},"excerpt":{"rendered":"<p>Zeca Ribeiro \/ C\u00e2mara dos Deputados L\u00eddice da Mata: brega \u00e9 um g\u00eanero musical que desempenha papel fundamental na cultura brasileira A Comiss\u00e3o de Cultura da C\u00e2mara dos Deputados promove audi\u00eancia p\u00fablica na ter\u00e7a-feira (21) sobre a cria\u00e7\u00e3o do Dia Nacional do Brega. A sugest\u00e3o do debate \u00e9 da deputada L\u00eddice da Mata (PSB-BA). Para [&hellip;]<\/p>\n","protected":false},"author":0,"featured_media":0,"comment_status":"open","ping_status":"open","sticky":false,"template":"","format":"standard","meta":{"footnotes":""},"categories":[1],"tags":[],"_links":{"self":[{"href":"https:\/\/jeffersonisac.adv.br\/index.php\/wp-json\/wp\/v2\/posts\/3497"}],"collection":[{"href":"https:\/\/jeffersonisac.adv.br\/index.php\/wp-json\/wp\/v2\/posts"}],"about":[{"href":"https:\/\/jeffersonisac.adv.br\/index.php\/wp-json\/wp\/v2\/types\/post"}],"replies":[{"embeddable":true,"href":"https:\/\/jeffersonisac.adv.br\/index.php\/wp-json\/wp\/v2\/comments?post=3497"}],"version-history":[{"count":0,"href":"https:\/\/jeffersonisac.adv.br\/index.php\/wp-json\/wp\/v2\/posts\/3497\/revisions"}],"wp:attachment":[{"href":"https:\/\/jeffersonisac.adv.br\/index.php\/wp-json\/wp\/v2\/media?parent=3497"}],"wp:term":[{"taxonomy":"category","embeddable":true,"href":"https:\/\/jeffersonisac.adv.br\/index.php\/wp-json\/wp\/v2\/categories?post=3497"},{"taxonomy":"post_tag","embeddable":true,"href":"https:\/\/jeffersonisac.adv.br\/index.php\/wp-json\/wp\/v2\/tags?post=3497"}],"curies":[{"name":"wp","href":"https:\/\/api.w.org\/{rel}","templated":true}]}}