{"id":3503,"date":"2023-11-16T21:38:23","date_gmt":"2023-11-17T00:38:23","guid":{"rendered":"https:\/\/jeffersonisac.adv.br\/index.php\/2023\/11\/16\/camara-tem-iluminacao-especial-pelo-dia-nacional-de-atencao-a-dislexia\/"},"modified":"2023-11-16T21:38:23","modified_gmt":"2023-11-17T00:38:23","slug":"camara-tem-iluminacao-especial-pelo-dia-nacional-de-atencao-a-dislexia","status":"publish","type":"post","link":"https:\/\/jeffersonisac.adv.br\/index.php\/2023\/11\/16\/camara-tem-iluminacao-especial-pelo-dia-nacional-de-atencao-a-dislexia\/","title":{"rendered":"C\u00e2mara tem ilumina\u00e7\u00e3o especial pelo Dia Nacional de Aten\u00e7\u00e3o \u00e0 Dislexia"},"content":{"rendered":"<div class=\"image-container\">\n<div class=\"midia-creditos\"><em>Pierre Triboli\/C\u00e2mara dos Deputados<\/em><\/div>\n<div class=\"media-wrapper\"><\/div>\n<div class=\"midia-legenda\">C\u00fapula da C\u00e2mara dos Deputados iluminada de laranja nesta quinta-feira<\/div>\n<\/div>\n<p>A c\u00fapula da C\u00e2mara dos Deputados est\u00e1 iluminada de laranja na noite desta quinta-feira (16) em apoio \u00e0 campanha de conscientiza\u00e7\u00e3o pelo Dia Nacional de Aten\u00e7\u00e3o \u00e0 Dislexia (16 de novembro).<\/p>\n<p>Considerada um transtorno espec\u00edfico de aprendizagem de origem neurobiol\u00f3gica, a dislexia do desenvolvimento se caracteriza pela dificuldade no reconhecimento preciso e\/ou fluente da palavra, na habilidade de decodifica\u00e7\u00e3o e em soletra\u00e7\u00e3o.<\/p>\n<p>A pessoa disl\u00e9xica tem dificuldade para associar o s\u00edmbolo gr\u00e1fico, as letras, com o som que elas representam, e organiz\u00e1-las mentalmente em uma sequ\u00eancia temporal. Por isso, os sintomas tornam-se mais evidentes durante a fase da alfabetiza\u00e7\u00e3o. Quanto antes o transtorno for diagnosticado, menor ser\u00e1 a defasagem escolar e os impactos emocionais da crian\u00e7a com dislexia.<\/p>\n<p>De acordo com a Associa\u00e7\u00e3o Brasileira de Dislexia, o transtorno acomete de 0,5% a 17% da popula\u00e7\u00e3o mundial. O diagn\u00f3stico deve ser feito por uma equipe multidisciplinar, formada por psic\u00f3logo, fonoaudi\u00f3logo e psicopedagogo cl\u00ednico. Mas pode se estender a outros profissionais, como neurologista e oftalmologista, conforme o caso.<\/p>\n<p><strong>Defici\u00eancia de Riboflavina<\/strong><br \/>\nNo mesmo dia, a ilumina\u00e7\u00e3o especial tamb\u00e9m integra as a\u00e7\u00f5es de conscientiza\u00e7\u00e3o sobre a defici\u00eancia do transportador de Riboflavina (RTD). \u00c9 uma doen\u00e7a rara, de origem gen\u00e9tica, causada por altera\u00e7\u00e3o em um gene do DNA. As pessoas atingidas t\u00eam a falta de uma enzima que transporta a riboflavina para dentro da c\u00e9lula, o que provoca preju\u00edzo em atividades metab\u00f3licas.<\/p>\n<p>Os principais sintomas s\u00e3o fraqueza muscular em m\u00e3os, p\u00e9s, bra\u00e7os, pernas, pesco\u00e7o e tronco. A defici\u00eancia da enzima tamb\u00e9m pode provocar dificuldade de andar, com perda do equil\u00edbrio, movimenta\u00e7\u00e3o involunt\u00e1ria dos olhos e da l\u00edngua, dificuldade de deglutir alimentos e dificuldades respirat\u00f3rias.<\/p>\n<p>O diagn\u00f3stico \u00e9 feito por exame gen\u00e9tico e, na impossibilidade dele, s\u00e3o usados o eletroencefalograma e a eletromiografia. A RTD n\u00e3o tem cura, e o tratamento \u00e9 feito por suplementa\u00e7\u00e3o de riboflavina, em altas doses, pela vida toda, com as terapias de suporte e reabilita\u00e7\u00e3o necess\u00e1rias.<\/p>","protected":false},"excerpt":{"rendered":"<p>Pierre Triboli\/C\u00e2mara dos Deputados C\u00fapula da C\u00e2mara dos Deputados iluminada de laranja nesta quinta-feira A c\u00fapula da C\u00e2mara dos Deputados est\u00e1 iluminada de laranja na noite desta quinta-feira (16) em apoio \u00e0 campanha de conscientiza\u00e7\u00e3o pelo Dia Nacional de Aten\u00e7\u00e3o \u00e0 Dislexia (16 de novembro). Considerada um transtorno espec\u00edfico de aprendizagem de origem neurobiol\u00f3gica, a [&hellip;]<\/p>\n","protected":false},"author":0,"featured_media":0,"comment_status":"open","ping_status":"open","sticky":false,"template":"","format":"standard","meta":{"footnotes":""},"categories":[1],"tags":[],"_links":{"self":[{"href":"https:\/\/jeffersonisac.adv.br\/index.php\/wp-json\/wp\/v2\/posts\/3503"}],"collection":[{"href":"https:\/\/jeffersonisac.adv.br\/index.php\/wp-json\/wp\/v2\/posts"}],"about":[{"href":"https:\/\/jeffersonisac.adv.br\/index.php\/wp-json\/wp\/v2\/types\/post"}],"replies":[{"embeddable":true,"href":"https:\/\/jeffersonisac.adv.br\/index.php\/wp-json\/wp\/v2\/comments?post=3503"}],"version-history":[{"count":0,"href":"https:\/\/jeffersonisac.adv.br\/index.php\/wp-json\/wp\/v2\/posts\/3503\/revisions"}],"wp:attachment":[{"href":"https:\/\/jeffersonisac.adv.br\/index.php\/wp-json\/wp\/v2\/media?parent=3503"}],"wp:term":[{"taxonomy":"category","embeddable":true,"href":"https:\/\/jeffersonisac.adv.br\/index.php\/wp-json\/wp\/v2\/categories?post=3503"},{"taxonomy":"post_tag","embeddable":true,"href":"https:\/\/jeffersonisac.adv.br\/index.php\/wp-json\/wp\/v2\/tags?post=3503"}],"curies":[{"name":"wp","href":"https:\/\/api.w.org\/{rel}","templated":true}]}}