{"id":3507,"date":"2023-11-17T09:27:44","date_gmt":"2023-11-17T12:27:44","guid":{"rendered":"https:\/\/jeffersonisac.adv.br\/index.php\/2023\/11\/17\/comissao-vai-debater-condicoes-de-trabalho-e-ataques-sofridos-por-pescadores-artasanais\/"},"modified":"2023-11-17T09:27:44","modified_gmt":"2023-11-17T12:27:44","slug":"comissao-vai-debater-condicoes-de-trabalho-e-ataques-sofridos-por-pescadores-artasanais","status":"publish","type":"post","link":"https:\/\/jeffersonisac.adv.br\/index.php\/2023\/11\/17\/comissao-vai-debater-condicoes-de-trabalho-e-ataques-sofridos-por-pescadores-artasanais\/","title":{"rendered":"Comiss\u00e3o vai debater condi\u00e7\u00f5es de trabalho e ataques sofridos por pescadores artasanais"},"content":{"rendered":"<div class=\"image-container\">\n<div class=\"midia-creditos\"><em>Vinicius Loures\/C\u00e2mara dos Deputados<\/em><\/div>\n<div class=\"media-wrapper\"><\/div>\n<div class=\"midia-legenda\">Luizianne Lins \u00e9 a autora do requerimento para a realiza\u00e7\u00e3o da audi\u00eancia<\/div>\n<\/div>\n<p>A Comiss\u00e3o de Direitos Humanos da C\u00e2mara dos Deputados realiza audi\u00eancia p\u00fablica na ter\u00e7a-feira (21) para debater a situa\u00e7\u00e3o da pesca artesanal no Brasil, especialmente os ataques que os trabalhadores do setor estariam sofrendo no exerc\u00edcio da profiss\u00e3o.<\/p>\n<p>Confira a <a href=\"https:\/\/www.camara.leg.br\/evento-legislativo\/71118\">lista de convidados<\/a> para a reuni\u00e3o, marcada para as 10 horas no plen\u00e1rio 9.<\/p>\n<p>A autora do requerimento para a realiza\u00e7\u00e3o da audi\u00eancia \u00e9 a deputada Luizianne Lins (PT-CE). Segundo ela, as pessoas que vivem da pesca artesanal enfrentam &#8220;in\u00fameros desafios e viola\u00e7\u00f5es de direitos fundamentais, sofrendo amea\u00e7as e abordagens policiais violentas, com a falta de reconhecimento e de valoriza\u00e7\u00e3o de seu trabalho, sendo marginalizados nas pol\u00edticas p\u00fablicas relacionadas \u00e0 pesca&#8221;.<\/p>\n<p><strong>Infraestrutura<br \/>\n<\/strong>Ela aponta ainda a falta de infraestrutura b\u00e1sica m\u00ednima em algumas localidades e aus\u00eancia de capacita\u00e7\u00e3o e de assist\u00eancia t\u00e9cnica adequadas para esses profissionais.<\/p>\n<p>Al\u00e9m disso, a deputada do Cear\u00e1 lembra que os pescadores e pescadoras artesanais tamb\u00e9m s\u00e3o prejudicados pelo ataque aos recursos pesqueiros e aos ecossistemas costeiros e fluviais.<\/p>\n<p>&#8220;A pesca predat\u00f3ria industrial e de larga escala, a polui\u00e7\u00e3o e a destrui\u00e7\u00e3o dos habitats naturais t\u00eam reduzido a disponibilidade de peixes e afetado a subsist\u00eancia das fam\u00edlias nas comunidades&#8221;, acrescenta.<\/p>","protected":false},"excerpt":{"rendered":"<p>Vinicius Loures\/C\u00e2mara dos Deputados Luizianne Lins \u00e9 a autora do requerimento para a realiza\u00e7\u00e3o da audi\u00eancia A Comiss\u00e3o de Direitos Humanos da C\u00e2mara dos Deputados realiza audi\u00eancia p\u00fablica na ter\u00e7a-feira (21) para debater a situa\u00e7\u00e3o da pesca artesanal no Brasil, especialmente os ataques que os trabalhadores do setor estariam sofrendo no exerc\u00edcio da profiss\u00e3o. Confira [&hellip;]<\/p>\n","protected":false},"author":0,"featured_media":0,"comment_status":"open","ping_status":"open","sticky":false,"template":"","format":"standard","meta":{"footnotes":""},"categories":[1],"tags":[],"_links":{"self":[{"href":"https:\/\/jeffersonisac.adv.br\/index.php\/wp-json\/wp\/v2\/posts\/3507"}],"collection":[{"href":"https:\/\/jeffersonisac.adv.br\/index.php\/wp-json\/wp\/v2\/posts"}],"about":[{"href":"https:\/\/jeffersonisac.adv.br\/index.php\/wp-json\/wp\/v2\/types\/post"}],"replies":[{"embeddable":true,"href":"https:\/\/jeffersonisac.adv.br\/index.php\/wp-json\/wp\/v2\/comments?post=3507"}],"version-history":[{"count":0,"href":"https:\/\/jeffersonisac.adv.br\/index.php\/wp-json\/wp\/v2\/posts\/3507\/revisions"}],"wp:attachment":[{"href":"https:\/\/jeffersonisac.adv.br\/index.php\/wp-json\/wp\/v2\/media?parent=3507"}],"wp:term":[{"taxonomy":"category","embeddable":true,"href":"https:\/\/jeffersonisac.adv.br\/index.php\/wp-json\/wp\/v2\/categories?post=3507"},{"taxonomy":"post_tag","embeddable":true,"href":"https:\/\/jeffersonisac.adv.br\/index.php\/wp-json\/wp\/v2\/tags?post=3507"}],"curies":[{"name":"wp","href":"https:\/\/api.w.org\/{rel}","templated":true}]}}