{"id":3513,"date":"2023-11-17T10:51:51","date_gmt":"2023-11-17T13:51:51","guid":{"rendered":"https:\/\/jeffersonisac.adv.br\/index.php\/2023\/11\/17\/cancelada-audiencia-sobre-situacao-de-empregados-domesticos-no-brasil\/"},"modified":"2023-11-17T10:51:51","modified_gmt":"2023-11-17T13:51:51","slug":"cancelada-audiencia-sobre-situacao-de-empregados-domesticos-no-brasil","status":"publish","type":"post","link":"https:\/\/jeffersonisac.adv.br\/index.php\/2023\/11\/17\/cancelada-audiencia-sobre-situacao-de-empregados-domesticos-no-brasil\/","title":{"rendered":"Cancelada audi\u00eancia sobre situa\u00e7\u00e3o de empregados dom\u00e9sticos no Brasil"},"content":{"rendered":"<div class=\"image-container\">\n<div class=\"midia-creditos\"><em>Depositphotos<\/em><\/div>\n<div class=\"media-wrapper\"><\/div>\n<div class=\"midia-legenda\">Em dez anos, o n\u00famero de empregadas dom\u00e9sticas diminuiu, e o de diaristas cresceu<\/div>\n<\/div>\n<p>A <span class=\"termoGlossario\">Comiss\u00e3o de Legisla\u00e7\u00e3o Participativa<\/span> da C\u00e2mara dos Deputados cancelou a audi\u00eancia que faria na ter\u00e7a-feira (21) sobre a situa\u00e7\u00e3o dos trabalhadores dom\u00e9sticos dez anos ap\u00f3s a promulga\u00e7\u00e3o da PEC das Dom\u00e9sticas, como ficou conhecida a <a href=\"http:\/\/www2.camara.leg.br\/legin\/fed\/emecon\/2013\/emendaconstitucional-72-2-abril-2013-775615-publicacaooriginal-139358-pl.html\">Emenda Constitucional 72.<\/a><\/p>\n<p>Essa emenda, de 2013, garantiu alguns direitos para categoria, como seguro-desemprego, Fundo de Garantia do Tempo de Servi\u00e7o (FGTS) e pagamento de horas extras A regulamenta\u00e7\u00e3o desses direitos, no entanto, s\u00f3 veio dois anos depois com a <a href=\"https:\/\/www2.camara.leg.br\/legin\/fed\/leicom\/2015\/leicomplementar-150-1-junho-2015-780907-norma-pl.html\">Lei Complementar 150\/15<\/a>.<\/p>\n<p><strong>Sem carteira assinada<\/strong><br \/>\nSegundo o Instituto Brasileiro de Geografia e Estat\u00edstica (IBGE), em dez anos, o n\u00famero de empregadas dom\u00e9sticas diminuiu, e o de diaristas cresceu. A crise econ\u00f4mica e a pandemia de Covid-19 agravaram ainda mais o cen\u00e1rio da categoria.<\/p>\n<p>Atualmente, tr\u00eas em cada quatro trabalhadoras dom\u00e9sticas no Brasil trabalham sem carteira assinada. Uma das raz\u00f5es \u00e9 o fato de a diratista n\u00e3o ter carteira assinada.<\/p>\n<p>\u00a0<\/p>\n<div><\/div>\n<p>\u00a0<\/p>","protected":false},"excerpt":{"rendered":"<p>Depositphotos Em dez anos, o n\u00famero de empregadas dom\u00e9sticas diminuiu, e o de diaristas cresceu A Comiss\u00e3o de Legisla\u00e7\u00e3o Participativa da C\u00e2mara dos Deputados cancelou a audi\u00eancia que faria na ter\u00e7a-feira (21) sobre a situa\u00e7\u00e3o dos trabalhadores dom\u00e9sticos dez anos ap\u00f3s a promulga\u00e7\u00e3o da PEC das Dom\u00e9sticas, como ficou conhecida a Emenda Constitucional 72. Essa [&hellip;]<\/p>\n","protected":false},"author":0,"featured_media":0,"comment_status":"open","ping_status":"open","sticky":false,"template":"","format":"standard","meta":{"footnotes":""},"categories":[1],"tags":[],"_links":{"self":[{"href":"https:\/\/jeffersonisac.adv.br\/index.php\/wp-json\/wp\/v2\/posts\/3513"}],"collection":[{"href":"https:\/\/jeffersonisac.adv.br\/index.php\/wp-json\/wp\/v2\/posts"}],"about":[{"href":"https:\/\/jeffersonisac.adv.br\/index.php\/wp-json\/wp\/v2\/types\/post"}],"replies":[{"embeddable":true,"href":"https:\/\/jeffersonisac.adv.br\/index.php\/wp-json\/wp\/v2\/comments?post=3513"}],"version-history":[{"count":0,"href":"https:\/\/jeffersonisac.adv.br\/index.php\/wp-json\/wp\/v2\/posts\/3513\/revisions"}],"wp:attachment":[{"href":"https:\/\/jeffersonisac.adv.br\/index.php\/wp-json\/wp\/v2\/media?parent=3513"}],"wp:term":[{"taxonomy":"category","embeddable":true,"href":"https:\/\/jeffersonisac.adv.br\/index.php\/wp-json\/wp\/v2\/categories?post=3513"},{"taxonomy":"post_tag","embeddable":true,"href":"https:\/\/jeffersonisac.adv.br\/index.php\/wp-json\/wp\/v2\/tags?post=3513"}],"curies":[{"name":"wp","href":"https:\/\/api.w.org\/{rel}","templated":true}]}}