{"id":3527,"date":"2023-11-17T13:01:22","date_gmt":"2023-11-17T16:01:22","guid":{"rendered":"https:\/\/jeffersonisac.adv.br\/index.php\/2023\/11\/17\/comissao-de-saude-debate-a-realizacao-de-cirurgias-eletivas-pelo-sus\/"},"modified":"2023-11-17T13:01:22","modified_gmt":"2023-11-17T16:01:22","slug":"comissao-de-saude-debate-a-realizacao-de-cirurgias-eletivas-pelo-sus","status":"publish","type":"post","link":"https:\/\/jeffersonisac.adv.br\/index.php\/2023\/11\/17\/comissao-de-saude-debate-a-realizacao-de-cirurgias-eletivas-pelo-sus\/","title":{"rendered":"Comiss\u00e3o de Sa\u00fade debate a realiza\u00e7\u00e3o de cirurgias eletivas pelo SUS"},"content":{"rendered":"<div class=\"image-container\">\n<div class=\"midia-creditos\"><em>Divulga\u00e7\u00e3o\/Prefeitura de Uberaba-MG<\/em><\/div>\n<div class=\"media-wrapper\"><\/div>\n<div class=\"midia-legenda\">Cirurgia de catarata \u00e9 uma das cirurgias eletivas oferecidas pelo SUS<\/div>\n<\/div>\n<p>A Comiss\u00e3o de Sa\u00fade da C\u00e2mara dos Deputados debate nesta quarta-feira (22) a lista de espera para a realiza\u00e7\u00e3o de cirurgias eletivas no Brasil. O deputado Emidinho Madeira (PL-MG), que pediu o debate, destaca que o Sistema \u00danico de Sa\u00fade (SUS) n\u00e3o tem conseguido atender todas as demandas por procedimentos dessa natureza.<\/p>\n<p>Ele destaca que relat\u00f3rio divulgado pelo Minist\u00e9rio da Sa\u00fade em junho de 2023 apontou que mais de 1 milh\u00e3o de pessoas aguardam na fila por uma cirurgia eletiva no SUS.<\/p>\n<p>&#8220;A demora traz evidentes preju\u00edzos n\u00e3o s\u00f3 para o paciente, mas para todo o sistema, j\u00e1 que torna necess\u00e1rio realizar novos exames pr\u00e9-operat\u00f3rios e at\u00e9 a complexidade da cirurgia&#8221;, avalia.<\/p>\n<p><a href=\"https:\/\/www.camara.leg.br\/evento-legislativo\/71154\">Veja a lista completa de convidados<\/a><\/p>\n<p>O debate ser\u00e1 realizado \u00e0 9 horas, no plen\u00e1rio 7.<\/p>","protected":false},"excerpt":{"rendered":"<p>Divulga\u00e7\u00e3o\/Prefeitura de Uberaba-MG Cirurgia de catarata \u00e9 uma das cirurgias eletivas oferecidas pelo SUS A Comiss\u00e3o de Sa\u00fade da C\u00e2mara dos Deputados debate nesta quarta-feira (22) a lista de espera para a realiza\u00e7\u00e3o de cirurgias eletivas no Brasil. O deputado Emidinho Madeira (PL-MG), que pediu o debate, destaca que o Sistema \u00danico de Sa\u00fade (SUS) [&hellip;]<\/p>\n","protected":false},"author":0,"featured_media":0,"comment_status":"open","ping_status":"open","sticky":false,"template":"","format":"standard","meta":{"footnotes":""},"categories":[1],"tags":[],"_links":{"self":[{"href":"https:\/\/jeffersonisac.adv.br\/index.php\/wp-json\/wp\/v2\/posts\/3527"}],"collection":[{"href":"https:\/\/jeffersonisac.adv.br\/index.php\/wp-json\/wp\/v2\/posts"}],"about":[{"href":"https:\/\/jeffersonisac.adv.br\/index.php\/wp-json\/wp\/v2\/types\/post"}],"replies":[{"embeddable":true,"href":"https:\/\/jeffersonisac.adv.br\/index.php\/wp-json\/wp\/v2\/comments?post=3527"}],"version-history":[{"count":0,"href":"https:\/\/jeffersonisac.adv.br\/index.php\/wp-json\/wp\/v2\/posts\/3527\/revisions"}],"wp:attachment":[{"href":"https:\/\/jeffersonisac.adv.br\/index.php\/wp-json\/wp\/v2\/media?parent=3527"}],"wp:term":[{"taxonomy":"category","embeddable":true,"href":"https:\/\/jeffersonisac.adv.br\/index.php\/wp-json\/wp\/v2\/categories?post=3527"},{"taxonomy":"post_tag","embeddable":true,"href":"https:\/\/jeffersonisac.adv.br\/index.php\/wp-json\/wp\/v2\/tags?post=3527"}],"curies":[{"name":"wp","href":"https:\/\/api.w.org\/{rel}","templated":true}]}}