{"id":3529,"date":"2023-11-17T13:01:22","date_gmt":"2023-11-17T16:01:22","guid":{"rendered":"https:\/\/jeffersonisac.adv.br\/index.php\/2023\/11\/17\/comissao-discute-impacto-das-doencas-cardiovasculares-na-saude-masculina\/"},"modified":"2023-11-17T13:01:22","modified_gmt":"2023-11-17T16:01:22","slug":"comissao-discute-impacto-das-doencas-cardiovasculares-na-saude-masculina","status":"publish","type":"post","link":"https:\/\/jeffersonisac.adv.br\/index.php\/2023\/11\/17\/comissao-discute-impacto-das-doencas-cardiovasculares-na-saude-masculina\/","title":{"rendered":"Comiss\u00e3o discute impacto das doen\u00e7as cardiovasculares na sa\u00fade masculina"},"content":{"rendered":"<div class=\"image-container\">\n<div class=\"midia-creditos\"><em>Igor Sobral\/Prefeitura de Pelotas-RS<\/em><\/div>\n<div class=\"media-wrapper\"><\/div>\n<div class=\"midia-legenda\">\u00c9 fundamental a realiza\u00e7\u00e3o de exames peri\u00f3dicos para evitar essas doen\u00e7as<\/div>\n<\/div>\n<p>A Comiss\u00e3o de Sa\u00fade da C\u00e2mara dos Deputados e <span class=\"termoGlossario\">frentes parlamentares<\/span> ligadas ao tema re\u00fanem-se na quarta-feira (22) para discutir os impactos das doen\u00e7as cardiovasculares na sa\u00fade dos homens e as tecnologias para diagn\u00f3stico e tratamento. A audi\u00eancia p\u00fablica ser\u00e1 realizada no plen\u00e1rio 7, \u00e0s 8 horas.<\/p>\n<p><a href=\"https:\/\/www.camara.leg.br\/evento-legislativo\/71163\">Confira a lista de convidados da reuni\u00e3o<\/a><\/p>\n<p>O debate atende a requerimento da deputada Silvia Cristina (PL-RO). Ela afirma que as doen\u00e7as do sistema circulat\u00f3rio e do cora\u00e7\u00e3o est\u00e3o entre as principais causas de mortes no Brasil, especialmente entre os homens. &#8220;A Sociedade Brasileira de Cardiologia projeta um aumento assustador de 250% no n\u00famero de mortes causadas por doen\u00e7as cardiovasculares no Brasil at\u00e9 2040&#8221;, informa.<\/p>\n<p><strong>Preven\u00e7\u00e3o<\/strong><br \/>\nPara prevenir a ocorr\u00eancia dessas enfermidades, entidades de sa\u00fade fazem algumas orienta\u00e7\u00f5es \u00e0 popula\u00e7\u00e3o, tais como:<br \/>\n\u2013 abandonar o sedentarismo, o tabagismo e praticar atividade f\u00edsica, conforme orienta\u00e7\u00e3o m\u00e9dica;<br \/>\n\u2013 manter uma alimenta\u00e7\u00e3o saud\u00e1vel, sem gorduras ou frituras, dando prefer\u00eancia \u00e0s carnes brancas;<br \/>\n\u2013 inserir vegetais, folhas e legumes nas refei\u00e7\u00f5es;<br \/>\n\u2013 evitar o consumo excessivo de a\u00e7\u00facar, massas, p\u00e3es e alimentos industrializados;<br \/>\n\u2013 trocar a sobremesa cal\u00f3rica por uma fruta; e<br \/>\n\u2013 restringir a ingest\u00e3o de bebidas alco\u00f3licas.<\/p>","protected":false},"excerpt":{"rendered":"<p>Igor Sobral\/Prefeitura de Pelotas-RS \u00c9 fundamental a realiza\u00e7\u00e3o de exames peri\u00f3dicos para evitar essas doen\u00e7as A Comiss\u00e3o de Sa\u00fade da C\u00e2mara dos Deputados e frentes parlamentares ligadas ao tema re\u00fanem-se na quarta-feira (22) para discutir os impactos das doen\u00e7as cardiovasculares na sa\u00fade dos homens e as tecnologias para diagn\u00f3stico e tratamento. A audi\u00eancia p\u00fablica ser\u00e1 [&hellip;]<\/p>\n","protected":false},"author":0,"featured_media":0,"comment_status":"open","ping_status":"open","sticky":false,"template":"","format":"standard","meta":{"footnotes":""},"categories":[1],"tags":[],"_links":{"self":[{"href":"https:\/\/jeffersonisac.adv.br\/index.php\/wp-json\/wp\/v2\/posts\/3529"}],"collection":[{"href":"https:\/\/jeffersonisac.adv.br\/index.php\/wp-json\/wp\/v2\/posts"}],"about":[{"href":"https:\/\/jeffersonisac.adv.br\/index.php\/wp-json\/wp\/v2\/types\/post"}],"replies":[{"embeddable":true,"href":"https:\/\/jeffersonisac.adv.br\/index.php\/wp-json\/wp\/v2\/comments?post=3529"}],"version-history":[{"count":0,"href":"https:\/\/jeffersonisac.adv.br\/index.php\/wp-json\/wp\/v2\/posts\/3529\/revisions"}],"wp:attachment":[{"href":"https:\/\/jeffersonisac.adv.br\/index.php\/wp-json\/wp\/v2\/media?parent=3529"}],"wp:term":[{"taxonomy":"category","embeddable":true,"href":"https:\/\/jeffersonisac.adv.br\/index.php\/wp-json\/wp\/v2\/categories?post=3529"},{"taxonomy":"post_tag","embeddable":true,"href":"https:\/\/jeffersonisac.adv.br\/index.php\/wp-json\/wp\/v2\/tags?post=3529"}],"curies":[{"name":"wp","href":"https:\/\/api.w.org\/{rel}","templated":true}]}}