{"id":3533,"date":"2023-11-17T14:53:36","date_gmt":"2023-11-17T17:53:36","guid":{"rendered":"https:\/\/jeffersonisac.adv.br\/index.php\/2023\/11\/17\/comissao-do-esporte-debate-desenvolvimento-do-desporto-paramilitar\/"},"modified":"2023-11-17T14:53:36","modified_gmt":"2023-11-17T17:53:36","slug":"comissao-do-esporte-debate-desenvolvimento-do-desporto-paramilitar","status":"publish","type":"post","link":"https:\/\/jeffersonisac.adv.br\/index.php\/2023\/11\/17\/comissao-do-esporte-debate-desenvolvimento-do-desporto-paramilitar\/","title":{"rendered":"Comiss\u00e3o do Esporte debate desenvolvimento do desporto paramilitar"},"content":{"rendered":"<div class=\"image-container\">\n<div class=\"midia-creditos\"><em>Divulga\u00e7\u00e3o\/Minist\u00e9rio da Defesa<\/em><\/div>\n<div class=\"media-wrapper\"><\/div>\n<div class=\"midia-legenda\">Minist\u00e9rio estuda promover a participa\u00e7\u00e3o de seus paratletas em nata\u00e7\u00e3o<\/div>\n<\/div>\n<p>A\u00a0 Comiss\u00e3o do Esporte debate nesta quarta-feira (22) o desenvolvimento do paradesporto militar. A audi\u00eancia p\u00fablica, promovida pela Subcomiss\u00e3o Permanente do Paradesporto, ser\u00e1 realizada a pedido do deputado Augusto Puppio (MDB-AP).<\/p>\n<p>O parlamentar explica que o Minist\u00e9rio da Defesa desenvolve projeto que visa \u00e0 reintegra\u00e7\u00e3o social, por meio do esporte, de militares que tenham adquirido alguma defici\u00eancia f\u00edsica em consequ\u00eancia de acidente ou enfermidade durante a carreira. O projeto, conhecido Projeto Jo\u00e3o do Pulo, tamb\u00e9m atende a crian\u00e7as e jovens com defici\u00eancia em situa\u00e7\u00e3o vulnerabilidade social.<\/p>\n<p>&#8220;Atualmente, 106 militares das For\u00e7as Armadas est\u00e3o cadastrados no paradesporto e competem em tr\u00eas modalidades: tiro paradesportivo, tiro com arco e v\u00f4lei sentado. H\u00e1 estudos na Comiss\u00e3o Desportiva Militar do Brasil, ligada ao Minist\u00e9rio da Defesa, para promover a participa\u00e7\u00e3o de paratletas nas modalidades de atletismo e nata\u00e7\u00e3o&#8221;, afirma o deputado.<\/p>\n<p><a href=\"https:\/\/www.camara.leg.br\/evento-legislativo\/70890\">Veja a lista completa de convidados<\/a><\/p>\n<p>O debate ser\u00e1 realizado \u00e0s 15 horas, no plen\u00e1rio 4 .<\/p>","protected":false},"excerpt":{"rendered":"<p>Divulga\u00e7\u00e3o\/Minist\u00e9rio da Defesa Minist\u00e9rio estuda promover a participa\u00e7\u00e3o de seus paratletas em nata\u00e7\u00e3o A\u00a0 Comiss\u00e3o do Esporte debate nesta quarta-feira (22) o desenvolvimento do paradesporto militar. A audi\u00eancia p\u00fablica, promovida pela Subcomiss\u00e3o Permanente do Paradesporto, ser\u00e1 realizada a pedido do deputado Augusto Puppio (MDB-AP). O parlamentar explica que o Minist\u00e9rio da Defesa desenvolve projeto que [&hellip;]<\/p>\n","protected":false},"author":0,"featured_media":0,"comment_status":"open","ping_status":"open","sticky":false,"template":"","format":"standard","meta":{"footnotes":""},"categories":[1],"tags":[],"_links":{"self":[{"href":"https:\/\/jeffersonisac.adv.br\/index.php\/wp-json\/wp\/v2\/posts\/3533"}],"collection":[{"href":"https:\/\/jeffersonisac.adv.br\/index.php\/wp-json\/wp\/v2\/posts"}],"about":[{"href":"https:\/\/jeffersonisac.adv.br\/index.php\/wp-json\/wp\/v2\/types\/post"}],"replies":[{"embeddable":true,"href":"https:\/\/jeffersonisac.adv.br\/index.php\/wp-json\/wp\/v2\/comments?post=3533"}],"version-history":[{"count":0,"href":"https:\/\/jeffersonisac.adv.br\/index.php\/wp-json\/wp\/v2\/posts\/3533\/revisions"}],"wp:attachment":[{"href":"https:\/\/jeffersonisac.adv.br\/index.php\/wp-json\/wp\/v2\/media?parent=3533"}],"wp:term":[{"taxonomy":"category","embeddable":true,"href":"https:\/\/jeffersonisac.adv.br\/index.php\/wp-json\/wp\/v2\/categories?post=3533"},{"taxonomy":"post_tag","embeddable":true,"href":"https:\/\/jeffersonisac.adv.br\/index.php\/wp-json\/wp\/v2\/tags?post=3533"}],"curies":[{"name":"wp","href":"https:\/\/api.w.org\/{rel}","templated":true}]}}