{"id":3535,"date":"2023-11-17T14:53:36","date_gmt":"2023-11-17T17:53:36","guid":{"rendered":"https:\/\/jeffersonisac.adv.br\/index.php\/2023\/11\/17\/comissao-discute-protecao-a-criancas-que-perderam-os-pais-na-pandemia\/"},"modified":"2023-11-17T14:53:36","modified_gmt":"2023-11-17T17:53:36","slug":"comissao-discute-protecao-a-criancas-que-perderam-os-pais-na-pandemia","status":"publish","type":"post","link":"https:\/\/jeffersonisac.adv.br\/index.php\/2023\/11\/17\/comissao-discute-protecao-a-criancas-que-perderam-os-pais-na-pandemia\/","title":{"rendered":"Comiss\u00e3o discute prote\u00e7\u00e3o a crian\u00e7as que perderam os pais na pandemia"},"content":{"rendered":"<div class=\"image-container\">\n<div class=\"midia-creditos\"><em>Depositphotos<\/em><\/div>\n<div class=\"media-wrapper\"><\/div>\n<div class=\"midia-legenda\">Milhares de crian\u00e7as e adolescentes ficaram \u00f3rf\u00e3os na pandemia<\/div>\n<\/div>\n<p>A Comiss\u00e3o de Direitos Humanos, Minorias e Igualdade Racial da C\u00e2mara dos Deputados discute na quarta-feira (22) a falta de pol\u00edticas p\u00fablicas voltadas \u00e0 prote\u00e7\u00e3o de crian\u00e7as e adolescentes que perderam os pais ou respons\u00e1veis em decorr\u00eancia da pandemia de Covid-19. A reuni\u00e3o ser\u00e1 realizada no plen\u00e1rio 9, \u00e0s 14h30.<\/p>\n<p><a href=\"https:\/\/www.camara.leg.br\/evento-legislativo\/71123\">Confira a lista de convidados da audi\u00eancia p\u00fablica<\/a><\/p>\n<p>O debate \u00e9 uma iniciativa da deputada Luizianne Lins (PT-CE). Ela lembra que a pandemia vitimou mais de 700 mil pessoas no Brasil, deixando milhares de filhos \u00f3rf\u00e3os. &#8220;A ruptura do v\u00ednculo com seus cuidadores principais causa um sofrimento profundo, com marcas emocionais duradouras&#8221;, afirma.<\/p>\n<p>A parlamentar cita estudo feito pela cientista Susan Hills e publicado pela revista <em>The Lancet<\/em> segundo o qual, entre mar\u00e7o de 2020 e abril de 2021, estima-se que 1,5 milh\u00e3o de crian\u00e7as e adolescentes tenham perdido pai e\/ou m\u00e3e em todo o mundo. No Brasil, nesse mesmo per\u00edodo, o levantamento projetou 113 mil \u00f3rf\u00e3os.<\/p>\n<p>Para Luizianne, \u00e9 essencial que a sociedade se mobilize para pressionar a cria\u00e7\u00e3o de pol\u00edticas direcionadas aos \u00f3rf\u00e3os da pandemia. &#8220;Essas a\u00e7\u00f5es governamentais devem garantir n\u00e3o apenas apoio material, mas tamb\u00e9m suporte emocional e psicol\u00f3gico, visando \u00e0 reintegra\u00e7\u00e3o desses jovens e seu pleno desenvolvimento como cidad\u00e3os&#8221;, aponta.<\/p>","protected":false},"excerpt":{"rendered":"<p>Depositphotos Milhares de crian\u00e7as e adolescentes ficaram \u00f3rf\u00e3os na pandemia A Comiss\u00e3o de Direitos Humanos, Minorias e Igualdade Racial da C\u00e2mara dos Deputados discute na quarta-feira (22) a falta de pol\u00edticas p\u00fablicas voltadas \u00e0 prote\u00e7\u00e3o de crian\u00e7as e adolescentes que perderam os pais ou respons\u00e1veis em decorr\u00eancia da pandemia de Covid-19. A reuni\u00e3o ser\u00e1 realizada [&hellip;]<\/p>\n","protected":false},"author":0,"featured_media":0,"comment_status":"open","ping_status":"open","sticky":false,"template":"","format":"standard","meta":{"footnotes":""},"categories":[1],"tags":[],"_links":{"self":[{"href":"https:\/\/jeffersonisac.adv.br\/index.php\/wp-json\/wp\/v2\/posts\/3535"}],"collection":[{"href":"https:\/\/jeffersonisac.adv.br\/index.php\/wp-json\/wp\/v2\/posts"}],"about":[{"href":"https:\/\/jeffersonisac.adv.br\/index.php\/wp-json\/wp\/v2\/types\/post"}],"replies":[{"embeddable":true,"href":"https:\/\/jeffersonisac.adv.br\/index.php\/wp-json\/wp\/v2\/comments?post=3535"}],"version-history":[{"count":0,"href":"https:\/\/jeffersonisac.adv.br\/index.php\/wp-json\/wp\/v2\/posts\/3535\/revisions"}],"wp:attachment":[{"href":"https:\/\/jeffersonisac.adv.br\/index.php\/wp-json\/wp\/v2\/media?parent=3535"}],"wp:term":[{"taxonomy":"category","embeddable":true,"href":"https:\/\/jeffersonisac.adv.br\/index.php\/wp-json\/wp\/v2\/categories?post=3535"},{"taxonomy":"post_tag","embeddable":true,"href":"https:\/\/jeffersonisac.adv.br\/index.php\/wp-json\/wp\/v2\/tags?post=3535"}],"curies":[{"name":"wp","href":"https:\/\/api.w.org\/{rel}","templated":true}]}}