{"id":3545,"date":"2023-11-20T11:47:29","date_gmt":"2023-11-20T14:47:29","guid":{"rendered":"https:\/\/jeffersonisac.adv.br\/index.php\/2023\/11\/20\/comissao-do-congresso-debate-violencia-de-genero-e-raca-nos-espacos-de-poder\/"},"modified":"2023-11-20T11:47:29","modified_gmt":"2023-11-20T14:47:29","slug":"comissao-do-congresso-debate-violencia-de-genero-e-raca-nos-espacos-de-poder","status":"publish","type":"post","link":"https:\/\/jeffersonisac.adv.br\/index.php\/2023\/11\/20\/comissao-do-congresso-debate-violencia-de-genero-e-raca-nos-espacos-de-poder\/","title":{"rendered":"Comiss\u00e3o do Congresso debate viol\u00eancia de g\u00eanero e ra\u00e7a nos espa\u00e7os de poder"},"content":{"rendered":"<div class=\"image-container\">\n<div class=\"midia-creditos\"><em>Ant\u00f4nio Cruz\/Ag\u00eancia Brasil<\/em><\/div>\n<div class=\"media-wrapper\"><\/div>\n<div class=\"midia-legenda\">A viol\u00eancia pol\u00edtica de g\u00eanero busca excluir a mulher do espa\u00e7o de poder<\/div>\n<\/div>\n<p>A Comiss\u00e3o Mista de Combate \u00e0 Viol\u00eancia Contra a Mulher do Congresso Nacional discute na quarta-feira (22) a viol\u00eancia de g\u00eanero e ra\u00e7a nos espa\u00e7os de poder.<\/p>\n<p>A audi\u00eancia ser\u00e1 realizada \u00e0s 14h30, no plen\u00e1rio 2 da ala Nilo Coelho, no Senado. Os interessados poder\u00e3o acompanhar a reuni\u00e3o pelo <a href=\"https:\/\/www12.senado.leg.br\/ecidadania\/visualizacaoaudiencia?id=26903\">portal e-Cidadania<\/a>.<\/p>\n<p><a href=\"https:\/\/legis.senado.leg.br\/comissoes\/reuniao?reuniao=12097\">Veja quem foi convidado para o debate<\/a><\/p>\n<p><strong>21 Dias de Ativismo<\/strong><br \/>\nO evento faz parte da campanha 21 Dias de Ativismo pelo Fim da Viol\u00eancia contra a Mulher. A iniciativa integra um movimento internacional realizado anualmente em cerca de 150 pa\u00edses com o objetivo de divulgar dados e incentivar a mobiliza\u00e7\u00f5es pelo fim da viol\u00eancia contra a mulher.<\/p>\n<p>Internacionalmente, a campanha come\u00e7a em 25 de novembro (Dia Internacional da N\u00e3o-Viol\u00eancia contra as Mulheres) e termina em 10 de dezembro, data da proclama\u00e7\u00e3o da Declara\u00e7\u00e3o Universal dos Direitos Humanos.<\/p>\n<p>No Brasil, devido \u00e0 dupla vulnerabilidade da mulher negra, ela come\u00e7a em 20 de novembro, Dia Nacional da Consci\u00eancia Negra, e \u00e9 chamada de 21 Dias de Ativismo pelo fim da Viol\u00eancia Contra as Mulheres.<\/p>\n<p><strong>Viol\u00eancia pol\u00edtica de g\u00eanero<br \/>\n<\/strong>Viol\u00eancia pol\u00edtica de g\u00eanero \u00e9 todo e qualquer ato com o objetivo de excluir a mulher do espa\u00e7o pol\u00edtico.<\/p>\n<p>Pode ocorrer durante o processo eleitoral, com amea\u00e7as ou viola\u00e7\u00e3o da intimidade, ou durante o mandato, com a\u00a0interrup\u00e7\u00e3o de suas falas ou a exclus\u00e3o de debates.<\/p>","protected":false},"excerpt":{"rendered":"<p>Ant\u00f4nio Cruz\/Ag\u00eancia Brasil A viol\u00eancia pol\u00edtica de g\u00eanero busca excluir a mulher do espa\u00e7o de poder A Comiss\u00e3o Mista de Combate \u00e0 Viol\u00eancia Contra a Mulher do Congresso Nacional discute na quarta-feira (22) a viol\u00eancia de g\u00eanero e ra\u00e7a nos espa\u00e7os de poder. A audi\u00eancia ser\u00e1 realizada \u00e0s 14h30, no plen\u00e1rio 2 da ala Nilo [&hellip;]<\/p>\n","protected":false},"author":0,"featured_media":0,"comment_status":"open","ping_status":"open","sticky":false,"template":"","format":"standard","meta":{"footnotes":""},"categories":[1],"tags":[],"_links":{"self":[{"href":"https:\/\/jeffersonisac.adv.br\/index.php\/wp-json\/wp\/v2\/posts\/3545"}],"collection":[{"href":"https:\/\/jeffersonisac.adv.br\/index.php\/wp-json\/wp\/v2\/posts"}],"about":[{"href":"https:\/\/jeffersonisac.adv.br\/index.php\/wp-json\/wp\/v2\/types\/post"}],"replies":[{"embeddable":true,"href":"https:\/\/jeffersonisac.adv.br\/index.php\/wp-json\/wp\/v2\/comments?post=3545"}],"version-history":[{"count":0,"href":"https:\/\/jeffersonisac.adv.br\/index.php\/wp-json\/wp\/v2\/posts\/3545\/revisions"}],"wp:attachment":[{"href":"https:\/\/jeffersonisac.adv.br\/index.php\/wp-json\/wp\/v2\/media?parent=3545"}],"wp:term":[{"taxonomy":"category","embeddable":true,"href":"https:\/\/jeffersonisac.adv.br\/index.php\/wp-json\/wp\/v2\/categories?post=3545"},{"taxonomy":"post_tag","embeddable":true,"href":"https:\/\/jeffersonisac.adv.br\/index.php\/wp-json\/wp\/v2\/tags?post=3545"}],"curies":[{"name":"wp","href":"https:\/\/api.w.org\/{rel}","templated":true}]}}