{"id":3546,"date":"2023-11-20T11:47:29","date_gmt":"2023-11-20T14:47:29","guid":{"rendered":"https:\/\/jeffersonisac.adv.br\/index.php\/2023\/11\/20\/comissao-de-cultura-debate-a-situacao-do-teatro-e-da-faculdade-dulcina-de-moraes\/"},"modified":"2023-11-20T11:47:29","modified_gmt":"2023-11-20T14:47:29","slug":"comissao-de-cultura-debate-a-situacao-do-teatro-e-da-faculdade-dulcina-de-moraes","status":"publish","type":"post","link":"https:\/\/jeffersonisac.adv.br\/index.php\/2023\/11\/20\/comissao-de-cultura-debate-a-situacao-do-teatro-e-da-faculdade-dulcina-de-moraes\/","title":{"rendered":"Comiss\u00e3o de Cultura debate a situa\u00e7\u00e3o do Teatro e da Faculdade Dulcina de Moraes"},"content":{"rendered":"<div class=\"image-container\">\n<div class=\"midia-creditos\"><em>Marina Ramos \/ C\u00e2mara dos Deputados<\/em><\/div>\n<div class=\"media-wrapper\"><\/div>\n<div class=\"midia-legenda\">Erika Kokay: \u00e9 preciso preservar o patrim\u00f4nio deixado pela atriz Dulcina de Moraes<\/div>\n<\/div>\n<p>A Comiss\u00e3o de Cultura da C\u00e2mara dos Deputados realiza audi\u00eancia p\u00fablica na pr\u00f3xima quinta-feira (23) para discutir a situa\u00e7\u00e3o do Teatro e da Faculdade de Artes Dulcina de Moraes, em Bras\u00edlia.<\/p>\n<p>O debate, pedido pela deputada Erika Kokay (PT-DF), est\u00e1 marcado para as 14h30, no plen\u00e1rio 10.<\/p>\n<p><a href=\"https:\/\/www.camara.leg.br\/evento-legislativo\/71082\">Confira a lista de convidados<\/a><\/p>\n<p>Dulcina de Moraes foi atriz, diretora, produtora, professora, idealizadora e criadora da Funda\u00e7\u00e3o Brasileira de Teatro (FTB). Erika Kokay lembra que a atriz veio para Bras\u00edlia na d\u00e9cada de 1970, onde fundou o Teatro e a Faculdade de Artes que levam seu nome.<\/p>\n<p>&#8220;Atualmente, o complexo cultural passa por s\u00e9rios problemas financeiros, resultado de um ac\u00famulo de d\u00edvidas que n\u00e3o permitem a institui\u00e7\u00e3o obter financiamentos para reverter sua situa\u00e7\u00e3o de crise&#8221;, disse.<\/p>\n<p>A deputada informou que, devido a essa situa\u00e7\u00e3o, o patrim\u00f4nio seria leiloado para o pagamento das d\u00edvidas. Mas a Justi\u00e7a Federal decidiu cancelar o leil\u00e3o. &#8220;O cancelamento inesperado foi motivo de al\u00edvio para a classe art\u00edstica, mas a luta est\u00e1 longe de terminar&#8221;, afirmou.<\/p>","protected":false},"excerpt":{"rendered":"<p>Marina Ramos \/ C\u00e2mara dos Deputados Erika Kokay: \u00e9 preciso preservar o patrim\u00f4nio deixado pela atriz Dulcina de Moraes A Comiss\u00e3o de Cultura da C\u00e2mara dos Deputados realiza audi\u00eancia p\u00fablica na pr\u00f3xima quinta-feira (23) para discutir a situa\u00e7\u00e3o do Teatro e da Faculdade de Artes Dulcina de Moraes, em Bras\u00edlia. O debate, pedido pela deputada [&hellip;]<\/p>\n","protected":false},"author":0,"featured_media":0,"comment_status":"open","ping_status":"open","sticky":false,"template":"","format":"standard","meta":{"footnotes":""},"categories":[1],"tags":[],"_links":{"self":[{"href":"https:\/\/jeffersonisac.adv.br\/index.php\/wp-json\/wp\/v2\/posts\/3546"}],"collection":[{"href":"https:\/\/jeffersonisac.adv.br\/index.php\/wp-json\/wp\/v2\/posts"}],"about":[{"href":"https:\/\/jeffersonisac.adv.br\/index.php\/wp-json\/wp\/v2\/types\/post"}],"replies":[{"embeddable":true,"href":"https:\/\/jeffersonisac.adv.br\/index.php\/wp-json\/wp\/v2\/comments?post=3546"}],"version-history":[{"count":0,"href":"https:\/\/jeffersonisac.adv.br\/index.php\/wp-json\/wp\/v2\/posts\/3546\/revisions"}],"wp:attachment":[{"href":"https:\/\/jeffersonisac.adv.br\/index.php\/wp-json\/wp\/v2\/media?parent=3546"}],"wp:term":[{"taxonomy":"category","embeddable":true,"href":"https:\/\/jeffersonisac.adv.br\/index.php\/wp-json\/wp\/v2\/categories?post=3546"},{"taxonomy":"post_tag","embeddable":true,"href":"https:\/\/jeffersonisac.adv.br\/index.php\/wp-json\/wp\/v2\/tags?post=3546"}],"curies":[{"name":"wp","href":"https:\/\/api.w.org\/{rel}","templated":true}]}}