{"id":3562,"date":"2023-11-21T12:36:01","date_gmt":"2023-11-21T15:36:01","guid":{"rendered":"https:\/\/jeffersonisac.adv.br\/index.php\/2023\/11\/21\/conselho-de-etica-pode-analisar-pareceres-contra-deputados-do-pl-e-psol\/"},"modified":"2023-11-21T12:36:01","modified_gmt":"2023-11-21T15:36:01","slug":"conselho-de-etica-pode-analisar-pareceres-contra-deputados-do-pl-e-psol","status":"publish","type":"post","link":"https:\/\/jeffersonisac.adv.br\/index.php\/2023\/11\/21\/conselho-de-etica-pode-analisar-pareceres-contra-deputados-do-pl-e-psol\/","title":{"rendered":"Conselho de \u00c9tica pode analisar pareceres contra deputados do PL e Psol"},"content":{"rendered":"<div>\n<div class=\"image-container\">\n<div class=\"midia-creditos\"><em>Vinicius Loures \/ C\u00e2mara dos Deputados<\/em><\/div>\n<div class=\"media-wrapper\"><\/div>\n<div class=\"midia-legenda\">C\u00e9lia Xakriab\u00e1 nega ter usado palavra &#8220;assassinos&#8221; para ofender deputados na vota\u00e7\u00e3o do marco temporal<\/div>\n<\/div>\n<\/div>\n<div>\n<p>O Conselho de \u00c9tica e Decoro Parlamentar da C\u00e2mara dos Deputados se re\u00fane nesta quarta-feira (22), \u00e0s 11 horas, para analisar processos contra a deputada C\u00e9lia Xakriab\u00e1 (Psol-MG) e o deputado Andr\u00e9 Fernandes (PL-CE). O deputado Paulo Magalh\u00e3es (PSD-BA) \u00e9 o relator do primeiro, enquanto o deputado Gutemberg Reis (MDB-RJ) relata o segundo. Os pareceres preliminares ainda n\u00e3o foram apresentados.<\/p>\n<p>C\u00e9lia Xabriab\u00e1 responde a representa\u00e7\u00e3o do PL (REP 9\/23), que acusa a deputada de quebrar o decoro parlamentar ao ofender o deputado Z\u00e9 Trov\u00e3o (PL-SC) durante a vota\u00e7\u00e3o do marco temporal que limita a demarca\u00e7\u00e3o de terras ind\u00edgenas \u00e0quelas j\u00e1 ocupadas tradicionalmente desde 1988 (PL 490\/07). Segundo o PL, C\u00e9lia Xabriab\u00e1 teria afirmado na sess\u00e3o que os deputados favor\u00e1veis \u00e0 proposta eram &#8220;assassinos do nosso povo ind\u00edgena&#8221;.<\/p>\n<p>A parlamentar protocolou defesa pr\u00e9via em que nega ter proferido a palavra &#8220;assassinos&#8221;. &#8220;Desafiamos o autor a apresentar as imagens contendo a conduta atribu\u00edda \u00e0 representada&#8221;, rebateu C\u00e9lia Xabriab\u00e1, que pede o arquivamento da representa\u00e7\u00e3o.<\/p>\n<p>J\u00e1 o deputado Andr\u00e9 Fernandes \u00e9 acusado pelo PT de proferir falas de teor discriminat\u00f3rio durante a vota\u00e7\u00e3o da reforma tribut\u00e1ria (PEC 45\/19). Na sess\u00e3o, Andr\u00e9 Fernandes questionara uma explica\u00e7\u00e3o do deputado Rog\u00e9rio Correia (PT-MG) de que uma refer\u00eancia a g\u00eanero no texto da proposta se tratava de &#8220;g\u00eanero aliment\u00edcio&#8221;, e n\u00e3o orienta\u00e7\u00e3o sexual.\u00a0 &#8220;Se o que o Rog\u00e9rio Correia est\u00e1 dizendo que isso aqui que eu estou apontando \u00e9 g\u00eanero aliment\u00edcio, ent\u00e3o, essa ra\u00e7a que ele est\u00e1 falando aqui \u00e9 o qu\u00ea? \u00c9 ra\u00e7a de boi?&#8221;, perguntou.<\/p>\n<p>Andr\u00e9 Fernandes afirmou ser contra o racismo e rebateu a den\u00fancia como caluniosa. Na REP 19\/23, o PT aponta que as afirma\u00e7\u00f5es do deputado s\u00e3o marcadas por uma postura racista e discriminat\u00f3ria e pela ridiculariza\u00e7\u00e3o da quest\u00e3o racial e de identidade de g\u00eanero.<\/p>\n<\/div>\n<div><a href=\"https:\/\/www.camara.leg.br\/noticias\/979996-conheca-o-rito-do-processo-de-cassacao-de-deputados-federais\">Conhe\u00e7a o rito do processo de cassa\u00e7\u00e3o de deputados federais<\/a><\/div>","protected":false},"excerpt":{"rendered":"<p>Vinicius Loures \/ C\u00e2mara dos Deputados C\u00e9lia Xakriab\u00e1 nega ter usado palavra &#8220;assassinos&#8221; para ofender deputados na vota\u00e7\u00e3o do marco temporal O Conselho de \u00c9tica e Decoro Parlamentar da C\u00e2mara dos Deputados se re\u00fane nesta quarta-feira (22), \u00e0s 11 horas, para analisar processos contra a deputada C\u00e9lia Xakriab\u00e1 (Psol-MG) e o deputado Andr\u00e9 Fernandes (PL-CE). [&hellip;]<\/p>\n","protected":false},"author":0,"featured_media":0,"comment_status":"open","ping_status":"open","sticky":false,"template":"","format":"standard","meta":{"footnotes":""},"categories":[1],"tags":[],"_links":{"self":[{"href":"https:\/\/jeffersonisac.adv.br\/index.php\/wp-json\/wp\/v2\/posts\/3562"}],"collection":[{"href":"https:\/\/jeffersonisac.adv.br\/index.php\/wp-json\/wp\/v2\/posts"}],"about":[{"href":"https:\/\/jeffersonisac.adv.br\/index.php\/wp-json\/wp\/v2\/types\/post"}],"replies":[{"embeddable":true,"href":"https:\/\/jeffersonisac.adv.br\/index.php\/wp-json\/wp\/v2\/comments?post=3562"}],"version-history":[{"count":0,"href":"https:\/\/jeffersonisac.adv.br\/index.php\/wp-json\/wp\/v2\/posts\/3562\/revisions"}],"wp:attachment":[{"href":"https:\/\/jeffersonisac.adv.br\/index.php\/wp-json\/wp\/v2\/media?parent=3562"}],"wp:term":[{"taxonomy":"category","embeddable":true,"href":"https:\/\/jeffersonisac.adv.br\/index.php\/wp-json\/wp\/v2\/categories?post=3562"},{"taxonomy":"post_tag","embeddable":true,"href":"https:\/\/jeffersonisac.adv.br\/index.php\/wp-json\/wp\/v2\/tags?post=3562"}],"curies":[{"name":"wp","href":"https:\/\/api.w.org\/{rel}","templated":true}]}}