{"id":3565,"date":"2023-11-21T12:36:01","date_gmt":"2023-11-21T15:36:01","guid":{"rendered":"https:\/\/jeffersonisac.adv.br\/index.php\/2023\/11\/21\/comissao-vai-debater-classificacao-de-radios-comunitarias\/"},"modified":"2023-11-21T12:36:01","modified_gmt":"2023-11-21T15:36:01","slug":"comissao-vai-debater-classificacao-de-radios-comunitarias","status":"publish","type":"post","link":"https:\/\/jeffersonisac.adv.br\/index.php\/2023\/11\/21\/comissao-vai-debater-classificacao-de-radios-comunitarias\/","title":{"rendered":"Comiss\u00e3o vai debater classifica\u00e7\u00e3o de r\u00e1dios comunit\u00e1rias"},"content":{"rendered":"<div class=\"image-container\">\n<div class=\"midia-creditos\"><em>Leonardo Prado\/C\u00e2mara dos Deputados<\/em><\/div>\n<div class=\"media-wrapper\"><\/div>\n<div class=\"midia-legenda\">Jadyel Alencar \u00e9 o autor do requerimento para a audi\u00eancia<\/div>\n<\/div>\n<p>A Comiss\u00e3o de Comunica\u00e7\u00e3o da C\u00e2mara dos Deputados vai realizar audi\u00eancia p\u00fablica nesta quarta-feira (22) para debater a atualiza\u00e7\u00e3o da classifica\u00e7\u00e3o de r\u00e1dios comunit\u00e1rias.<\/p>\n<p>Confira a <a href=\"https:\/\/www.camara.leg.br\/evento-legislativo\/70665\">lista de convidados<\/a> para a reuni\u00e3o, que est\u00e1 marcada para as 15 horas, no plen\u00e1rio 11.<\/p>\n<p>O autor do requerimento para a realiza\u00e7\u00e3o da audi\u00eancia \u00e9 o deputado Jadyel Alencar (PV-PI). Em sua justificativa, ele cita o projeto de lei 490\/11, que tramita na comiss\u00e3o, com outros 41 projetos apensados que tratam de temas relativos \u00e0s r\u00e1dios comunit\u00e1rias.<\/p>\n<p>&#8220;Sabendo da multiplicidade de perspectivas sobre a mat\u00e9ria, \u00e9 imprescind\u00edvel que esta comiss\u00e3o se aprofunde no entendimento t\u00e9cnico, particularmente no que concerne \u00e0s possibilidades de canais de transmiss\u00e3o e raio de abrang\u00eancia para as r\u00e1dios comunit\u00e1rias&#8221;, destacou o deputado.<\/p>","protected":false},"excerpt":{"rendered":"<p>Leonardo Prado\/C\u00e2mara dos Deputados Jadyel Alencar \u00e9 o autor do requerimento para a audi\u00eancia A Comiss\u00e3o de Comunica\u00e7\u00e3o da C\u00e2mara dos Deputados vai realizar audi\u00eancia p\u00fablica nesta quarta-feira (22) para debater a atualiza\u00e7\u00e3o da classifica\u00e7\u00e3o de r\u00e1dios comunit\u00e1rias. Confira a lista de convidados para a reuni\u00e3o, que est\u00e1 marcada para as 15 horas, no plen\u00e1rio [&hellip;]<\/p>\n","protected":false},"author":0,"featured_media":0,"comment_status":"open","ping_status":"open","sticky":false,"template":"","format":"standard","meta":{"footnotes":""},"categories":[1],"tags":[],"_links":{"self":[{"href":"https:\/\/jeffersonisac.adv.br\/index.php\/wp-json\/wp\/v2\/posts\/3565"}],"collection":[{"href":"https:\/\/jeffersonisac.adv.br\/index.php\/wp-json\/wp\/v2\/posts"}],"about":[{"href":"https:\/\/jeffersonisac.adv.br\/index.php\/wp-json\/wp\/v2\/types\/post"}],"replies":[{"embeddable":true,"href":"https:\/\/jeffersonisac.adv.br\/index.php\/wp-json\/wp\/v2\/comments?post=3565"}],"version-history":[{"count":0,"href":"https:\/\/jeffersonisac.adv.br\/index.php\/wp-json\/wp\/v2\/posts\/3565\/revisions"}],"wp:attachment":[{"href":"https:\/\/jeffersonisac.adv.br\/index.php\/wp-json\/wp\/v2\/media?parent=3565"}],"wp:term":[{"taxonomy":"category","embeddable":true,"href":"https:\/\/jeffersonisac.adv.br\/index.php\/wp-json\/wp\/v2\/categories?post=3565"},{"taxonomy":"post_tag","embeddable":true,"href":"https:\/\/jeffersonisac.adv.br\/index.php\/wp-json\/wp\/v2\/tags?post=3565"}],"curies":[{"name":"wp","href":"https:\/\/api.w.org\/{rel}","templated":true}]}}