{"id":3570,"date":"2023-11-21T15:36:21","date_gmt":"2023-11-21T18:36:21","guid":{"rendered":"https:\/\/jeffersonisac.adv.br\/index.php\/2023\/11\/21\/projeto-determina-que-bailarinos-e-musicos-eruditos-recebam-caches-com-valores-de-mercado\/"},"modified":"2023-11-21T15:36:21","modified_gmt":"2023-11-21T18:36:21","slug":"projeto-determina-que-bailarinos-e-musicos-eruditos-recebam-caches-com-valores-de-mercado","status":"publish","type":"post","link":"https:\/\/jeffersonisac.adv.br\/index.php\/2023\/11\/21\/projeto-determina-que-bailarinos-e-musicos-eruditos-recebam-caches-com-valores-de-mercado\/","title":{"rendered":"Projeto determina que bailarinos e m\u00fasicos eruditos recebam cach\u00eas com valores de mercado"},"content":{"rendered":"<div class=\"image-container\">\n<div class=\"midia-creditos\"><em>Lu\u00eds Tajes\/Governo do Distrito Federal<\/em><\/div>\n<div class=\"media-wrapper\"><\/div>\n<div class=\"midia-legenda\">Proposta busca incentivar a dan\u00e7a cl\u00e1ssica no Pa\u00eds<\/div>\n<\/div>\n<p>O Projeto de Lei 1045\/23 determina que, em algumas situa\u00e7\u00f5es, a remunera\u00e7\u00e3o de profissionais do bal\u00e9 e da m\u00fasica erudita corresponda a valores praticados pelo mercado nacional ou internacional.<\/p>\n<p>O texto, j\u00e1 aprovado pelo Senado e agora em an\u00e1lise na C\u00e2mara dos Deputados, altera a <a href=\"https:\/\/www2.camara.gov.br\/legin\/fed\/lei\/1980-1987\/lei-7505-2-julho-1986-368037-norma-pl.html\">Lei Rouanet<\/a>. Essa equipara\u00e7\u00e3o dever\u00e1 ser observada quando o cach\u00ea for pago com recursos do Programa Nacional de Apoio \u00e0 Cultura (Pronac).<\/p>\n<p>Segundo a senadora Ivete da Silveira (MDB-SC), autora da proposta, a ideia \u00e9 incentivar a dan\u00e7a cl\u00e1ssica no Pa\u00eds e homenagear a Escola do Teatro Bolshoi, que funciona em Joinville (SC) desde 2000, a \u00fanica filial da companhia russa de bal\u00e9.<\/p>\n<p><strong>Tramita\u00e7\u00e3o<\/strong><br \/>\nO projeto tramita em <span class=\"termoGlossario\">car\u00e1ter conclusivo<\/span>\u00a0 e ser\u00e1 analisado pelas comiss\u00f5es de Cultura; e de Constitui\u00e7\u00e3o e Justi\u00e7a e de Cidadania.<\/p>\n<p><a href=\"https:\/\/www.camara.leg.br\/noticias\/573454-SAIBA-MAIS-SOBRE-A-TRAMITACAO-DE-PROJETOS-DE-LEI\">Saiba mais sobre a tramita\u00e7\u00e3o de projetos de lei<\/a><\/p>","protected":false},"excerpt":{"rendered":"<p>Lu\u00eds Tajes\/Governo do Distrito Federal Proposta busca incentivar a dan\u00e7a cl\u00e1ssica no Pa\u00eds O Projeto de Lei 1045\/23 determina que, em algumas situa\u00e7\u00f5es, a remunera\u00e7\u00e3o de profissionais do bal\u00e9 e da m\u00fasica erudita corresponda a valores praticados pelo mercado nacional ou internacional. O texto, j\u00e1 aprovado pelo Senado e agora em an\u00e1lise na C\u00e2mara dos [&hellip;]<\/p>\n","protected":false},"author":0,"featured_media":0,"comment_status":"open","ping_status":"open","sticky":false,"template":"","format":"standard","meta":{"footnotes":""},"categories":[1],"tags":[],"_links":{"self":[{"href":"https:\/\/jeffersonisac.adv.br\/index.php\/wp-json\/wp\/v2\/posts\/3570"}],"collection":[{"href":"https:\/\/jeffersonisac.adv.br\/index.php\/wp-json\/wp\/v2\/posts"}],"about":[{"href":"https:\/\/jeffersonisac.adv.br\/index.php\/wp-json\/wp\/v2\/types\/post"}],"replies":[{"embeddable":true,"href":"https:\/\/jeffersonisac.adv.br\/index.php\/wp-json\/wp\/v2\/comments?post=3570"}],"version-history":[{"count":0,"href":"https:\/\/jeffersonisac.adv.br\/index.php\/wp-json\/wp\/v2\/posts\/3570\/revisions"}],"wp:attachment":[{"href":"https:\/\/jeffersonisac.adv.br\/index.php\/wp-json\/wp\/v2\/media?parent=3570"}],"wp:term":[{"taxonomy":"category","embeddable":true,"href":"https:\/\/jeffersonisac.adv.br\/index.php\/wp-json\/wp\/v2\/categories?post=3570"},{"taxonomy":"post_tag","embeddable":true,"href":"https:\/\/jeffersonisac.adv.br\/index.php\/wp-json\/wp\/v2\/tags?post=3570"}],"curies":[{"name":"wp","href":"https:\/\/api.w.org\/{rel}","templated":true}]}}