{"id":3591,"date":"2023-11-22T09:35:52","date_gmt":"2023-11-22T12:35:52","guid":{"rendered":"https:\/\/jeffersonisac.adv.br\/index.php\/2023\/11\/22\/projeto-institui-programa-para-alfabetizar-pessoas-idosas\/"},"modified":"2023-11-22T09:35:52","modified_gmt":"2023-11-22T12:35:52","slug":"projeto-institui-programa-para-alfabetizar-pessoas-idosas","status":"publish","type":"post","link":"https:\/\/jeffersonisac.adv.br\/index.php\/2023\/11\/22\/projeto-institui-programa-para-alfabetizar-pessoas-idosas\/","title":{"rendered":"Projeto institui programa para alfabetizar pessoas idosas"},"content":{"rendered":"<div class=\"image-container\">\n<div class=\"midia-creditos\"><em>Marina Ramos \/ C\u00e2mara dos Deputados<\/em><\/div>\n<div class=\"media-wrapper\"><\/div>\n<div class=\"midia-legenda\">Pastor Gil \u00e9 o autor do projeto<\/div>\n<\/div>\n<p>O Projeto de Lei 4712\/23 institui o Programa de Incentivo Financeiro para a Alfabetiza\u00e7\u00e3o de Idosos nos Munic\u00edpios. O texto est\u00e1 em an\u00e1lise na C\u00e2mara dos Deputados.<\/p>\n<p>Pela proposta, o Minist\u00e9rio da Educa\u00e7\u00e3o destinar\u00e1 os recursos financeiros aos munic\u00edpios, por meio de conv\u00eanios. Caber\u00e1 ao minist\u00e9rio estabelecer crit\u00e9rios e diretrizes para aderir ao programa, bem como fiscalizar a aplica\u00e7\u00e3o do dinheiro.<\/p>\n<p>Os munic\u00edpios apresentar\u00e3o projetos detalhados para alfabetizar pessoas idosas, com metas, cronograma e previs\u00e3o or\u00e7ament\u00e1ria. O dinheiro poder\u00e1 ser usado em infraestrutura, material did\u00e1tico ou capacita\u00e7\u00e3o de professores.<\/p>\n<p>\u201cA falta de habilidades b\u00e1sicas de leitura e escrita limita as oportunidades dos idosos, impedindo-os de participar plenamente da vida em sociedade\u201d, disse o autor da proposta, deputado Pastor Gil (PL-MA), ao defender o programa.<\/p>\n<p><strong>Tramita\u00e7\u00e3o<\/strong><br \/>\nO projeto tramita em <span class=\"termoGlossario\">car\u00e1ter conclusivo<\/span> e ser\u00e1 analisado pelas comiss\u00f5es de Defesa dos Direitos da Pessoa Idosa; de Educa\u00e7\u00e3o; de Finan\u00e7as e Tributa\u00e7\u00e3o; e de Constitui\u00e7\u00e3o e Justi\u00e7a e de Cidadania.<\/p>\n<p><a href=\"https:\/\/www.camara.leg.br\/noticias\/573454-SAIBA-MAIS-SOBRE-A-TRAMITACAO-DE-PROJETOS-DE-LEI\">Saiba mais sobre a tramita\u00e7\u00e3o de projetos de lei<\/a><\/p>","protected":false},"excerpt":{"rendered":"<p>Marina Ramos \/ C\u00e2mara dos Deputados Pastor Gil \u00e9 o autor do projeto O Projeto de Lei 4712\/23 institui o Programa de Incentivo Financeiro para a Alfabetiza\u00e7\u00e3o de Idosos nos Munic\u00edpios. O texto est\u00e1 em an\u00e1lise na C\u00e2mara dos Deputados. Pela proposta, o Minist\u00e9rio da Educa\u00e7\u00e3o destinar\u00e1 os recursos financeiros aos munic\u00edpios, por meio de [&hellip;]<\/p>\n","protected":false},"author":0,"featured_media":0,"comment_status":"open","ping_status":"open","sticky":false,"template":"","format":"standard","meta":{"footnotes":""},"categories":[1],"tags":[],"_links":{"self":[{"href":"https:\/\/jeffersonisac.adv.br\/index.php\/wp-json\/wp\/v2\/posts\/3591"}],"collection":[{"href":"https:\/\/jeffersonisac.adv.br\/index.php\/wp-json\/wp\/v2\/posts"}],"about":[{"href":"https:\/\/jeffersonisac.adv.br\/index.php\/wp-json\/wp\/v2\/types\/post"}],"replies":[{"embeddable":true,"href":"https:\/\/jeffersonisac.adv.br\/index.php\/wp-json\/wp\/v2\/comments?post=3591"}],"version-history":[{"count":0,"href":"https:\/\/jeffersonisac.adv.br\/index.php\/wp-json\/wp\/v2\/posts\/3591\/revisions"}],"wp:attachment":[{"href":"https:\/\/jeffersonisac.adv.br\/index.php\/wp-json\/wp\/v2\/media?parent=3591"}],"wp:term":[{"taxonomy":"category","embeddable":true,"href":"https:\/\/jeffersonisac.adv.br\/index.php\/wp-json\/wp\/v2\/categories?post=3591"},{"taxonomy":"post_tag","embeddable":true,"href":"https:\/\/jeffersonisac.adv.br\/index.php\/wp-json\/wp\/v2\/tags?post=3591"}],"curies":[{"name":"wp","href":"https:\/\/api.w.org\/{rel}","templated":true}]}}