{"id":3603,"date":"2023-11-22T14:33:50","date_gmt":"2023-11-22T17:33:50","guid":{"rendered":"https:\/\/jeffersonisac.adv.br\/index.php\/2023\/11\/22\/deputados-criticam-ausencia-de-presidente-da-enel-brasil-em-audiencia-na-camara\/"},"modified":"2023-11-22T14:33:50","modified_gmt":"2023-11-22T17:33:50","slug":"deputados-criticam-ausencia-de-presidente-da-enel-brasil-em-audiencia-na-camara","status":"publish","type":"post","link":"https:\/\/jeffersonisac.adv.br\/index.php\/2023\/11\/22\/deputados-criticam-ausencia-de-presidente-da-enel-brasil-em-audiencia-na-camara\/","title":{"rendered":"Deputados criticam aus\u00eancia de presidente da Enel Brasil em audi\u00eancia na C\u00e2mara"},"content":{"rendered":"<div class=\"image-container\">\n<div class=\"midia-creditos\"><em>Vinicius Loures\/C\u00e2mara dos Deputados<\/em><\/div>\n<div class=\"media-wrapper\"><\/div>\n<div class=\"midia-legenda\">Rodrigo de Castro conduz a reuni\u00e3o nesta quarta<\/div>\n<\/div>\n<p>Deputados criticaram nesta quarta-feira (22) o presidente da Enel Brasil, Nicola Cotugno, por n\u00e3o comparecer a uma audi\u00eancia na C\u00e2mara para tratar do apag\u00e3o do in\u00edcio de novembro em 23 munic\u00edpios paulistas atendidos por uma das empresas do grupo, a Enel S\u00e3o Paulo.<\/p>\n<p>O blecaute deixou no escuro 4,2 milh\u00f5es de unidades consumidoras. A interrup\u00e7\u00e3o ocorreu ap\u00f3s fortes chuvas e rajadas de vento que atingiram a regi\u00e3o.<\/p>\n<p>Cotugno havia sido convidado pelas comiss\u00f5es de Minas e Energia; e de Defesa do Consumidor para prestar esclarecimentos sobre a demora no reestabelecimento do servi\u00e7o. Em correspond\u00eancia \u00e0 C\u00e2mara dos Deputados, enviada somente ontem, ele informou que n\u00e3o viria por ter outro compromisso profissional.<\/p>\n<p>O presidente da Comiss\u00e3o de Minas e Energia, deputado Rodrigo de Castro (Uni\u00e3o-MG), fez duras cr\u00edticas \u00e0 aus\u00eancia do presidente da Enel. \u201c\u00c9 algo intoler\u00e1vel e que demonstra a prepot\u00eancia da Enel, demonstra a sua falta de capacidade de di\u00e1logo\u201d, disse.<\/p>\n<p><strong>Novo convite<br \/>\n<\/strong>Em acordo com outros deputados, Castro decidiu cancelar a audi\u00eancia e fazer um novo convite. Pela Constitui\u00e7\u00e3o, as comiss\u00f5es da C\u00e2mara ou do Senado s\u00f3 t\u00eam poder para convocar ministros de Estado.<\/p>\n<p>Ele tamb\u00e9m informou que as duas comiss\u00f5es devem sugerir uma Proposta de Fiscaliza\u00e7\u00e3o e Controle (PFC) sobre a Enel. O instrumento \u00e9 uma esp\u00e9cie de auditoria realizada pelo Tribunal de Contas da Uni\u00e3o (TCU) a pedido do Congresso Nacional.<\/p>\n<p>Al\u00e9m de Cotugno, a audi\u00eancia p\u00fablica tinha outros convidados, que comparecerem. Entre eles, o presidente da Enel S\u00e3o Paulo, Max Xavier Lins, e o diretor-geral da Ag\u00eancia Nacional de Energia El\u00e9trica (Aneel), Sandoval Feitosa.<\/p>\n<p><strong>Renova\u00e7\u00e3o<br \/>\n<\/strong>A manifesta\u00e7\u00e3o do presidente da comiss\u00e3o foi acompanhada por v\u00e1rios parlamentares. O deputado Ivan Valente (Psol-SP), um dos proponentes da audi\u00eancia, disse que a atitude de Cotugno era desrespeitosa com a C\u00e2mara.<\/p>\n<p>J\u00e1 o deputado Arnaldo Jardim (Cidadania-SP), outro proponente, disse que o caso refor\u00e7a a necessidade de o Congresso debater uma lei para regular a renova\u00e7\u00e3o das concess\u00f5es de distribui\u00e7\u00e3o que vencem a partir de 2025 \u2013 a da Enel SP vence em 2028. \u201cUm fato como esse faz com que o assunto se torne ainda mais importante\u201d, disse Jardim.<\/p>\n<p><strong>CPI<br \/>\n<\/strong>Outros deputados pediram a cria\u00e7\u00e3o de uma comiss\u00e3o parlamentar de inqu\u00e9rito (<span class=\"termoGlossario\">CPI<\/span>) para apurar a atua\u00e7\u00e3o da Enel. O deputado Max Lemos (PDT-RJ) disse que j\u00e1 est\u00e1 colhendo assinaturas de apoio \u2013 pela Constitui\u00e7\u00e3o, s\u00e3o necess\u00e1rias pelo menos 171 assinaturas.<\/p>\n<p>Lemos afirmou que a empresa tamb\u00e9m coleciona reclama\u00e7\u00f5es no Rio de Janeiro, onde possui uma distribuidora. \u201cNos \u00faltimos 15 dias, 34 cidades ficaram sem energia, cidades grandes como Niter\u00f3i\u201d, disse.<\/p>\n<p>O deputado Alex Manente (Cidadania-SP) prop\u00f4s uma \u201cfor\u00e7a-tarefa\u201d para criar a CPI e verificar o contrato da concess\u00e3o da Enel. J\u00e1 o deputado Altineu C\u00f4rtes (PL-RJ) pediu uni\u00e3o dos partidos para criar a comiss\u00e3o. \u201cN\u00e3o est\u00e1 em jogo aqui bandeira partid\u00e1ria\u201d, afirmou.<\/p>\n<p>Tamb\u00e9m criticaram o grupo e a aus\u00eancia do seu presidente os deputados Bacelar (PV-BA), Celso Russomanno (Republicanos-SP), Aureo Ribeiro (Solidariedade-RJ) e Roberto Monteiro Pai (PL-RJ). O deputado Julio Lopes (PP-RJ) disse estar insatisfeito com a atua\u00e7\u00e3o da empresa, mas ponderou que o caso de S\u00e3o Paulo foi provocado por eventos clim\u00e1ticos extremos, que devem se tornar mais frequentes no Pa\u00eds.<\/p>","protected":false},"excerpt":{"rendered":"<p>Vinicius Loures\/C\u00e2mara dos Deputados Rodrigo de Castro conduz a reuni\u00e3o nesta quarta Deputados criticaram nesta quarta-feira (22) o presidente da Enel Brasil, Nicola Cotugno, por n\u00e3o comparecer a uma audi\u00eancia na C\u00e2mara para tratar do apag\u00e3o do in\u00edcio de novembro em 23 munic\u00edpios paulistas atendidos por uma das empresas do grupo, a Enel S\u00e3o Paulo. [&hellip;]<\/p>\n","protected":false},"author":0,"featured_media":0,"comment_status":"open","ping_status":"open","sticky":false,"template":"","format":"standard","meta":{"footnotes":""},"categories":[1],"tags":[],"_links":{"self":[{"href":"https:\/\/jeffersonisac.adv.br\/index.php\/wp-json\/wp\/v2\/posts\/3603"}],"collection":[{"href":"https:\/\/jeffersonisac.adv.br\/index.php\/wp-json\/wp\/v2\/posts"}],"about":[{"href":"https:\/\/jeffersonisac.adv.br\/index.php\/wp-json\/wp\/v2\/types\/post"}],"replies":[{"embeddable":true,"href":"https:\/\/jeffersonisac.adv.br\/index.php\/wp-json\/wp\/v2\/comments?post=3603"}],"version-history":[{"count":0,"href":"https:\/\/jeffersonisac.adv.br\/index.php\/wp-json\/wp\/v2\/posts\/3603\/revisions"}],"wp:attachment":[{"href":"https:\/\/jeffersonisac.adv.br\/index.php\/wp-json\/wp\/v2\/media?parent=3603"}],"wp:term":[{"taxonomy":"category","embeddable":true,"href":"https:\/\/jeffersonisac.adv.br\/index.php\/wp-json\/wp\/v2\/categories?post=3603"},{"taxonomy":"post_tag","embeddable":true,"href":"https:\/\/jeffersonisac.adv.br\/index.php\/wp-json\/wp\/v2\/tags?post=3603"}],"curies":[{"name":"wp","href":"https:\/\/api.w.org\/{rel}","templated":true}]}}