{"id":3613,"date":"2023-11-23T07:17:19","date_gmt":"2023-11-23T10:17:19","guid":{"rendered":"https:\/\/jeffersonisac.adv.br\/index.php\/2023\/11\/23\/cancelada-discussao-sobre-o-deficit-habitacional-no-brasil\/"},"modified":"2023-11-23T07:17:19","modified_gmt":"2023-11-23T10:17:19","slug":"cancelada-discussao-sobre-o-deficit-habitacional-no-brasil","status":"publish","type":"post","link":"https:\/\/jeffersonisac.adv.br\/index.php\/2023\/11\/23\/cancelada-discussao-sobre-o-deficit-habitacional-no-brasil\/","title":{"rendered":"Cancelada discuss\u00e3o sobre o d\u00e9ficit habitacional no Brasil"},"content":{"rendered":"<div class=\"image-container\">\n<div class=\"midia-creditos\"><em>Divulga\u00e7\u00e3o\/Governo Federal<\/em><\/div>\n<div class=\"media-wrapper\"><\/div>\n<div class=\"midia-legenda\">Assentamento do programa Minha Casa, Minha Vida<\/div>\n<\/div>\n<p>Foi cancelada a audi\u00eancia p\u00fablica que a Comiss\u00e3o de Desenvolvimento Urbano da C\u00e2mara dos Deputados realizaria nesta quinta-feira (23) sobre o d\u00e9ficit habitacional no Brasil.<\/p>\n<p>&#8220;O d\u00e9ficit habitacional \u00e9 uma quest\u00e3o premente que afeta amplamente nossa comunidade, resultando em consequ\u00eancias significativas para as fam\u00edlias e indiv\u00edduos que n\u00e3o possuem acesso adequado a moradias dignas&#8221;, aponta o deputado Max Lemos (PDT-RJ), autor do requerimento para a realiza\u00e7\u00e3o do debate. &#8220;Este problema n\u00e3o apenas compromete a qualidade de vida, mas tamb\u00e9m perpetua o ciclo de desigualdade social, limitando oportunidades educacionais, acesso a servi\u00e7os de sa\u00fade e empregos dignos&#8221;, acrescenta.<\/p>\n<p>Ainda n\u00e3o h\u00e1 nova data para o debate.<\/p>","protected":false},"excerpt":{"rendered":"<p>Divulga\u00e7\u00e3o\/Governo Federal Assentamento do programa Minha Casa, Minha Vida Foi cancelada a audi\u00eancia p\u00fablica que a Comiss\u00e3o de Desenvolvimento Urbano da C\u00e2mara dos Deputados realizaria nesta quinta-feira (23) sobre o d\u00e9ficit habitacional no Brasil. &#8220;O d\u00e9ficit habitacional \u00e9 uma quest\u00e3o premente que afeta amplamente nossa comunidade, resultando em consequ\u00eancias significativas para as fam\u00edlias e indiv\u00edduos [&hellip;]<\/p>\n","protected":false},"author":0,"featured_media":0,"comment_status":"open","ping_status":"open","sticky":false,"template":"","format":"standard","meta":{"footnotes":""},"categories":[1],"tags":[],"_links":{"self":[{"href":"https:\/\/jeffersonisac.adv.br\/index.php\/wp-json\/wp\/v2\/posts\/3613"}],"collection":[{"href":"https:\/\/jeffersonisac.adv.br\/index.php\/wp-json\/wp\/v2\/posts"}],"about":[{"href":"https:\/\/jeffersonisac.adv.br\/index.php\/wp-json\/wp\/v2\/types\/post"}],"replies":[{"embeddable":true,"href":"https:\/\/jeffersonisac.adv.br\/index.php\/wp-json\/wp\/v2\/comments?post=3613"}],"version-history":[{"count":0,"href":"https:\/\/jeffersonisac.adv.br\/index.php\/wp-json\/wp\/v2\/posts\/3613\/revisions"}],"wp:attachment":[{"href":"https:\/\/jeffersonisac.adv.br\/index.php\/wp-json\/wp\/v2\/media?parent=3613"}],"wp:term":[{"taxonomy":"category","embeddable":true,"href":"https:\/\/jeffersonisac.adv.br\/index.php\/wp-json\/wp\/v2\/categories?post=3613"},{"taxonomy":"post_tag","embeddable":true,"href":"https:\/\/jeffersonisac.adv.br\/index.php\/wp-json\/wp\/v2\/tags?post=3613"}],"curies":[{"name":"wp","href":"https:\/\/api.w.org\/{rel}","templated":true}]}}