{"id":3632,"date":"2023-11-24T08:39:34","date_gmt":"2023-11-24T11:39:34","guid":{"rendered":"https:\/\/jeffersonisac.adv.br\/index.php\/2023\/11\/24\/comissao-vai-debater-aplicacao-de-recursos-em-esportes-paralimpicos\/"},"modified":"2023-11-24T08:39:34","modified_gmt":"2023-11-24T11:39:34","slug":"comissao-vai-debater-aplicacao-de-recursos-em-esportes-paralimpicos","status":"publish","type":"post","link":"https:\/\/jeffersonisac.adv.br\/index.php\/2023\/11\/24\/comissao-vai-debater-aplicacao-de-recursos-em-esportes-paralimpicos\/","title":{"rendered":"Comiss\u00e3o vai debater aplica\u00e7\u00e3o de recursos em esportes paral\u00edmpicos"},"content":{"rendered":"<div class=\"image-container\">\n<div class=\"midia-creditos\"><em>Renato Araujo\/C\u00e2mara dos Deputados<\/em><\/div>\n<div class=\"media-wrapper\"><\/div>\n<div class=\"midia-legenda\">Augusto Puppio \u00e9 o autor do requerimento para a realiza\u00e7\u00e3o da audi\u00eancia<\/div>\n<\/div>\n<p>A Comiss\u00e3o do Esporte da C\u00e2mara dos Deputados vai realizar audi\u00eancia p\u00fablica na ter\u00e7a-feira (28) para fazer analisar, com o Comit\u00ea Brasileiro de Clubes Paral\u00edmpicos (CBCP), as atividades desenvolvidas e a aplica\u00e7\u00e3o de recursos destinados \u00e0s modalidades esportivas paral\u00edmpicas.<\/p>\n<p>O presidente do comit\u00ea, Jo\u00e3o Batista Carvalho e Silva \u00e9 o<a href=\"https:\/\/www.camara.leg.br\/evento-legislativo\/70951\"> \u00fanico convidado<\/a> para a reuni\u00e3o, marcada para as 10 horas no plen\u00e1rio 4.<\/p>\n<p>O autor do requerimento para a realiza\u00e7\u00e3o da audi\u00eancia \u00e9 o deputado Augusto Puppio (MDB-AP). &#8220;Uma vez que h\u00e1 recursos p\u00fablicos das loterias investidos na entidade, propomos esse debate para informar a comunidade paraol\u00edmpica e do paradesporto, especialmente os gestores, dirigentes, atletas e treinadores, sobre as atividades desenvolvidas pelo CBCP&#8221;, argumentou.<\/p>","protected":false},"excerpt":{"rendered":"<p>Renato Araujo\/C\u00e2mara dos Deputados Augusto Puppio \u00e9 o autor do requerimento para a realiza\u00e7\u00e3o da audi\u00eancia A Comiss\u00e3o do Esporte da C\u00e2mara dos Deputados vai realizar audi\u00eancia p\u00fablica na ter\u00e7a-feira (28) para fazer analisar, com o Comit\u00ea Brasileiro de Clubes Paral\u00edmpicos (CBCP), as atividades desenvolvidas e a aplica\u00e7\u00e3o de recursos destinados \u00e0s modalidades esportivas paral\u00edmpicas. [&hellip;]<\/p>\n","protected":false},"author":0,"featured_media":0,"comment_status":"open","ping_status":"open","sticky":false,"template":"","format":"standard","meta":{"footnotes":""},"categories":[1],"tags":[],"_links":{"self":[{"href":"https:\/\/jeffersonisac.adv.br\/index.php\/wp-json\/wp\/v2\/posts\/3632"}],"collection":[{"href":"https:\/\/jeffersonisac.adv.br\/index.php\/wp-json\/wp\/v2\/posts"}],"about":[{"href":"https:\/\/jeffersonisac.adv.br\/index.php\/wp-json\/wp\/v2\/types\/post"}],"replies":[{"embeddable":true,"href":"https:\/\/jeffersonisac.adv.br\/index.php\/wp-json\/wp\/v2\/comments?post=3632"}],"version-history":[{"count":0,"href":"https:\/\/jeffersonisac.adv.br\/index.php\/wp-json\/wp\/v2\/posts\/3632\/revisions"}],"wp:attachment":[{"href":"https:\/\/jeffersonisac.adv.br\/index.php\/wp-json\/wp\/v2\/media?parent=3632"}],"wp:term":[{"taxonomy":"category","embeddable":true,"href":"https:\/\/jeffersonisac.adv.br\/index.php\/wp-json\/wp\/v2\/categories?post=3632"},{"taxonomy":"post_tag","embeddable":true,"href":"https:\/\/jeffersonisac.adv.br\/index.php\/wp-json\/wp\/v2\/tags?post=3632"}],"curies":[{"name":"wp","href":"https:\/\/api.w.org\/{rel}","templated":true}]}}