{"id":3633,"date":"2023-11-24T08:39:35","date_gmt":"2023-11-24T11:39:35","guid":{"rendered":"https:\/\/jeffersonisac.adv.br\/index.php\/2023\/11\/24\/comissao-vai-ouvir-servidores-contrarios-a-reforma-administrativa-em-analise-na-camara\/"},"modified":"2023-11-24T08:39:35","modified_gmt":"2023-11-24T11:39:35","slug":"comissao-vai-ouvir-servidores-contrarios-a-reforma-administrativa-em-analise-na-camara","status":"publish","type":"post","link":"https:\/\/jeffersonisac.adv.br\/index.php\/2023\/11\/24\/comissao-vai-ouvir-servidores-contrarios-a-reforma-administrativa-em-analise-na-camara\/","title":{"rendered":"Comiss\u00e3o vai ouvir servidores contr\u00e1rios \u00e0 reforma administrativa em an\u00e1lise na C\u00e2mara"},"content":{"rendered":"<div class=\"image-container\">\n<div class=\"midia-creditos\"><em>Bruno Spada\/C\u00e2mara dos Deputados<\/em><\/div>\n<div class=\"media-wrapper\"><\/div>\n<div class=\"midia-legenda\">Fernanda Melchionna e S\u00e2mia Bomfim (ao fundo) pediram a realiza\u00e7\u00e3o da audi\u00eancia<\/div>\n<\/div>\n<p>A Comiss\u00e3o de Administra\u00e7\u00e3o e Servi\u00e7o P\u00fablico da C\u00e2mara dos Deputados vai realizar audi\u00eancia na segunda-feira (27) para debater com servidores p\u00fablicos a proposta de reforma administrativa que tramita na Legislativo na forma da <a class=\"linkProposicao\" href=\"https:\/\/www.camara.leg.br\/noticias\/690350-pec-muda-regras-para-futuros-servidores-e-altera-organizacao-da-administracao-publica\">Proposta de Emenda \u00e0 Constitui\u00e7\u00e3o (PEC) 32\/20<\/a>.<\/p>\n<p>Confira a<a href=\"https:\/\/www.camara.leg.br\/evento-legislativo\/71130\"> lista de convidados<\/a> para a reuni\u00e3o, que est\u00e1 marcada para as 14 horas no plen\u00e1rio 8.<\/p>\n<p>O requerimento para a realiza\u00e7\u00e3o da audi\u00eancia foi apresentado pelas deputadas Fernanda Melchionna (Psol-RS) e S\u00e2mia Bomfim (Psol-SP).<\/p>\n<p><strong>Riscos apontados<br \/>\n<\/strong>Em sua justificativa, elas apresentam cinco &#8220;quest\u00f5es grav\u00edssimas&#8221; que comprometeriam a administra\u00e7\u00e3o p\u00fablica se a PEC fosse aprovada:<\/p>\n<p>Incentivo \u00e0 corrup\u00e7\u00e3o, pois a proposta acaba com a estabilidade dos servidores, inibindo, por exemplo, a apresenta\u00e7\u00e3o de den\u00fancias de crimes e irregularidades sem que haja retalia\u00e7\u00f5es aos servidores efetivos;<br \/>\nAcelera\u00e7\u00e3o de privatiza\u00e7\u00f5es, visto que prev\u00ea a contrata\u00e7\u00e3o de empresas para operarem servi\u00e7os p\u00fablicos;<br \/>\nContrata\u00e7\u00e3o de servidores com remunera\u00e7\u00e3o menor do que um sal\u00e1rio m\u00ednimo, sem diversos direitos trabalhistas e previdenci\u00e1rios, constitucionalizando condi\u00e7\u00f5es de trabalho &#8220;desumanas, que acarretar\u00e3o em piora na qualidade do atendimento dos servi\u00e7os p\u00fablicos&#8221;;<br \/>\nSubstitui\u00e7\u00e3o da impessoalidade nas contrata\u00e7\u00f5es garantida pelos concursos p\u00fablicos por processos &#8220;simplificados e obscuros, que dificultar\u00e3o o acesso de grupos sociais j\u00e1 marginalizados no mercado de trabalho&#8221;;<br \/>\nTerceiriza\u00e7\u00e3o &#8220;irrestrita&#8221; de servi\u00e7os, abrindo precedentes para a extin\u00e7\u00e3o dos concursos p\u00fablicos ao instituir regimes de contrata\u00e7\u00e3o tempor\u00e1rios mesmo para servi\u00e7os fundamentais e permanentes em \u00e1reas como Sa\u00fade, Educa\u00e7\u00e3o e Assist\u00eancia Social.<\/p>\n<p><strong>Cat\u00e1strofe social<br \/>\n<\/strong>&#8220;Diante de suas nefastas inten\u00e7\u00f5es, podemos dizer, sem qualquer embara\u00e7o, que a PEC 32\/20 n\u00e3o gerar\u00e1 progresso ou melhorias nos servi\u00e7os p\u00fablicos, mas permitir\u00e1 n\u00e3o apenas corte de sal\u00e1rios para os servidores e redu\u00e7\u00e3o dos servi\u00e7os prestados para a popula\u00e7\u00e3o, mas tamb\u00e9m uma verdadeira cat\u00e1strofe social, visto que tais servi\u00e7os p\u00fablicos, atualmente, s\u00e3o prestados de forma gratuita&#8221;, destacam as deputadas no texto em que pedem a audi\u00eancia.<\/p>\n<p>\u00a0<\/p>\n<div><\/div>\n<p>\u00a0<\/p>","protected":false},"excerpt":{"rendered":"<p>Bruno Spada\/C\u00e2mara dos Deputados Fernanda Melchionna e S\u00e2mia Bomfim (ao fundo) pediram a realiza\u00e7\u00e3o da audi\u00eancia A Comiss\u00e3o de Administra\u00e7\u00e3o e Servi\u00e7o P\u00fablico da C\u00e2mara dos Deputados vai realizar audi\u00eancia na segunda-feira (27) para debater com servidores p\u00fablicos a proposta de reforma administrativa que tramita na Legislativo na forma da Proposta de Emenda \u00e0 Constitui\u00e7\u00e3o [&hellip;]<\/p>\n","protected":false},"author":0,"featured_media":0,"comment_status":"open","ping_status":"open","sticky":false,"template":"","format":"standard","meta":{"footnotes":""},"categories":[1],"tags":[],"_links":{"self":[{"href":"https:\/\/jeffersonisac.adv.br\/index.php\/wp-json\/wp\/v2\/posts\/3633"}],"collection":[{"href":"https:\/\/jeffersonisac.adv.br\/index.php\/wp-json\/wp\/v2\/posts"}],"about":[{"href":"https:\/\/jeffersonisac.adv.br\/index.php\/wp-json\/wp\/v2\/types\/post"}],"replies":[{"embeddable":true,"href":"https:\/\/jeffersonisac.adv.br\/index.php\/wp-json\/wp\/v2\/comments?post=3633"}],"version-history":[{"count":0,"href":"https:\/\/jeffersonisac.adv.br\/index.php\/wp-json\/wp\/v2\/posts\/3633\/revisions"}],"wp:attachment":[{"href":"https:\/\/jeffersonisac.adv.br\/index.php\/wp-json\/wp\/v2\/media?parent=3633"}],"wp:term":[{"taxonomy":"category","embeddable":true,"href":"https:\/\/jeffersonisac.adv.br\/index.php\/wp-json\/wp\/v2\/categories?post=3633"},{"taxonomy":"post_tag","embeddable":true,"href":"https:\/\/jeffersonisac.adv.br\/index.php\/wp-json\/wp\/v2\/tags?post=3633"}],"curies":[{"name":"wp","href":"https:\/\/api.w.org\/{rel}","templated":true}]}}