{"id":3635,"date":"2023-11-24T09:58:11","date_gmt":"2023-11-24T12:58:11","guid":{"rendered":"https:\/\/jeffersonisac.adv.br\/index.php\/2023\/11\/24\/comissao-vai-debater-papel-da-forca-nacional-de-seguranca-em-8-de-janeiro\/"},"modified":"2023-11-24T09:58:11","modified_gmt":"2023-11-24T12:58:11","slug":"comissao-vai-debater-papel-da-forca-nacional-de-seguranca-em-8-de-janeiro","status":"publish","type":"post","link":"https:\/\/jeffersonisac.adv.br\/index.php\/2023\/11\/24\/comissao-vai-debater-papel-da-forca-nacional-de-seguranca-em-8-de-janeiro\/","title":{"rendered":"Comiss\u00e3o vai debater papel da for\u00e7a nacional de seguran\u00e7a em 8 de janeiro"},"content":{"rendered":"<div class=\"image-container\">\n<div class=\"midia-creditos\"><em>Bruno Spada\/C\u00e2mara dos Deputados<\/em><\/div>\n<div class=\"media-wrapper\"><\/div>\n<div class=\"midia-legenda\">Funcion\u00e1rios da C\u00e2mara realizam limpeza do pr\u00e9dio do Congresso depredado<\/div>\n<\/div>\n<p>A Comiss\u00e3o de Seguran\u00e7a P\u00fablica da C\u00e2mara dos Deputados vai realizar audi\u00eancia na ter\u00e7a-feira (28) sobre a aus\u00eancia da For\u00e7a Nacional de Seguran\u00e7a P\u00fablica na repress\u00e3o aos atos de vandalismo antidemocr\u00e1ticos praticados em Bras\u00edlia no dia 8 de janeiro.<\/p>\n<p>Confira a <a href=\"https:\/\/www.camara.leg.br\/evento-legislativo\/71083\">lista de convidados<\/a> para a reuni\u00e3o, marcada para as 9 horas no plen\u00e1rio 6.<\/p>\n<p>O autor do requerimento para a realiza\u00e7\u00e3o da audi\u00eancia \u00e9 o deputado Delegado Ramagem (PL-RJ). &#8220;O (n\u00e3o) emprego do efetivo da For\u00e7a Nacional durante os atos de depreda\u00e7\u00e3o ocorridos no dia 8 de janeiro de 2023 \u00e9 fonte de v\u00e1rias d\u00favidas n\u00e3o esclarecidas e que colocam em xeque o manejo desse importante instrumento destinado \u00e0 garantia da seguran\u00e7a p\u00fablica no Pa\u00eds&#8221;, afirmou o deputado.<\/p>\n<p>&#8220;Apesar das dezenas de requerimentos apresentados por parlamentares integrantes, a Comiss\u00e3o Parlamentar de Inqu\u00e9rito dos Atos do dia 8 de Janeiro n\u00e3o ouviu qualquer dos integrantes dessa for\u00e7a, em especial aqueles que detinham poder de comando na ocasi\u00e3o&#8221;, acrescentou.<\/p>\n<p><a href=\"https:\/\/www.camara.leg.br\/noticias\/1008264-CPMI-DO-8-DE-JANEIRO-APROVA-RELATORIO-QUE-PEDE-O-INDICIAMENTO-DE-BOLSONARO\">A CPI foi encerrada em outubro.<\/a><\/p>","protected":false},"excerpt":{"rendered":"<p>Bruno Spada\/C\u00e2mara dos Deputados Funcion\u00e1rios da C\u00e2mara realizam limpeza do pr\u00e9dio do Congresso depredado A Comiss\u00e3o de Seguran\u00e7a P\u00fablica da C\u00e2mara dos Deputados vai realizar audi\u00eancia na ter\u00e7a-feira (28) sobre a aus\u00eancia da For\u00e7a Nacional de Seguran\u00e7a P\u00fablica na repress\u00e3o aos atos de vandalismo antidemocr\u00e1ticos praticados em Bras\u00edlia no dia 8 de janeiro. Confira a [&hellip;]<\/p>\n","protected":false},"author":0,"featured_media":0,"comment_status":"open","ping_status":"open","sticky":false,"template":"","format":"standard","meta":{"footnotes":""},"categories":[1],"tags":[],"_links":{"self":[{"href":"https:\/\/jeffersonisac.adv.br\/index.php\/wp-json\/wp\/v2\/posts\/3635"}],"collection":[{"href":"https:\/\/jeffersonisac.adv.br\/index.php\/wp-json\/wp\/v2\/posts"}],"about":[{"href":"https:\/\/jeffersonisac.adv.br\/index.php\/wp-json\/wp\/v2\/types\/post"}],"replies":[{"embeddable":true,"href":"https:\/\/jeffersonisac.adv.br\/index.php\/wp-json\/wp\/v2\/comments?post=3635"}],"version-history":[{"count":0,"href":"https:\/\/jeffersonisac.adv.br\/index.php\/wp-json\/wp\/v2\/posts\/3635\/revisions"}],"wp:attachment":[{"href":"https:\/\/jeffersonisac.adv.br\/index.php\/wp-json\/wp\/v2\/media?parent=3635"}],"wp:term":[{"taxonomy":"category","embeddable":true,"href":"https:\/\/jeffersonisac.adv.br\/index.php\/wp-json\/wp\/v2\/categories?post=3635"},{"taxonomy":"post_tag","embeddable":true,"href":"https:\/\/jeffersonisac.adv.br\/index.php\/wp-json\/wp\/v2\/tags?post=3635"}],"curies":[{"name":"wp","href":"https:\/\/api.w.org\/{rel}","templated":true}]}}