{"id":3637,"date":"2023-11-24T09:58:11","date_gmt":"2023-11-24T12:58:11","guid":{"rendered":"https:\/\/jeffersonisac.adv.br\/index.php\/2023\/11\/24\/comissao-vai-debater-negociacao-de-contrato-com-concessionaria-de-rodovia-na-bahia\/"},"modified":"2023-11-24T09:58:11","modified_gmt":"2023-11-24T12:58:11","slug":"comissao-vai-debater-negociacao-de-contrato-com-concessionaria-de-rodovia-na-bahia","status":"publish","type":"post","link":"https:\/\/jeffersonisac.adv.br\/index.php\/2023\/11\/24\/comissao-vai-debater-negociacao-de-contrato-com-concessionaria-de-rodovia-na-bahia\/","title":{"rendered":"Comiss\u00e3o vai debater negocia\u00e7\u00e3o de contrato com concession\u00e1ria de rodovia na Bahia"},"content":{"rendered":"<div class=\"image-container\">\n<div class=\"midia-creditos\"><em>Bruno Spada\/C\u00e2mara dos Deputados<\/em><\/div>\n<div class=\"media-wrapper\"><\/div>\n<div class=\"midia-legenda\">Jorge Solla \u00e9 o autor do requerimento para a realiza\u00e7\u00e3o da audi\u00eancia<\/div>\n<\/div>\n<p>A Comiss\u00e3o de Fiscaliza\u00e7\u00e3o Financeira e Controle da C\u00e2mara dos Deputados vai realizar audi\u00eancia p\u00fablica na ter\u00e7a-feira (28) sobre a renegocia\u00e7\u00e3o do contrato de concess\u00e3o de rodovias com a ViaBahia.<\/p>\n<p>Confira a <a href=\"https:\/\/www.camara.leg.br\/evento-legislativo\/70792\">lista de convidados<\/a> para a reuni\u00e3o, marcada para as 10 horas no plen\u00e1rio 9.<\/p>\n<p>O autor do requerimento para a realiza\u00e7\u00e3o da audi\u00eancia \u00e9 o deputado Jorge Solla (PT-BA). Ele quer tratar, especificamente, da negocia\u00e7\u00e3o entre o Minist\u00e9rio dos Transportes e a concession\u00e1ria sobre:<\/p>\n<p>o trecho sul da BR 116 entre Feira de Santana (BA) at\u00e9 a divisa com Minas Gerais; e<br \/>\no trecho da BR 324 que liga Salvador a Feira de Santana.<\/p>\n<p><strong>Negocia\u00e7\u00f5es<br \/>\n<\/strong>&#8220;Segundo a concession\u00e1ria, as negocia\u00e7\u00f5es com o governo federal j\u00e1 foram conclu\u00eddas, e o Minist\u00e9rio dos Transportes est\u00e1 finalizando a documenta\u00e7\u00e3o para enviar ao Tribunal de Contas da Uni\u00e3o (TCU), que dar\u00e1 o parecer final&#8221;, disse Solla.<\/p>\n<p>As negocia\u00e7\u00f5es estabelecem o cronograma da obra, os investimentos a serem feitos e os novos valores de ped\u00e1gio. &#8220;Ap\u00f3s a conclus\u00e3o dos trabalhos do TCU, a realiza\u00e7\u00e3o da audi\u00eancia permitir\u00e1 \u00e0 comiss\u00e3o ter um panorama atualizado do est\u00e1gio das obras e servi\u00e7os de manuten\u00e7\u00e3o da concession\u00e1ria ViaBahia&#8221;, concluiu.<\/p>","protected":false},"excerpt":{"rendered":"<p>Bruno Spada\/C\u00e2mara dos Deputados Jorge Solla \u00e9 o autor do requerimento para a realiza\u00e7\u00e3o da audi\u00eancia A Comiss\u00e3o de Fiscaliza\u00e7\u00e3o Financeira e Controle da C\u00e2mara dos Deputados vai realizar audi\u00eancia p\u00fablica na ter\u00e7a-feira (28) sobre a renegocia\u00e7\u00e3o do contrato de concess\u00e3o de rodovias com a ViaBahia. Confira a lista de convidados para a reuni\u00e3o, marcada [&hellip;]<\/p>\n","protected":false},"author":0,"featured_media":0,"comment_status":"open","ping_status":"open","sticky":false,"template":"","format":"standard","meta":{"footnotes":""},"categories":[1],"tags":[],"_links":{"self":[{"href":"https:\/\/jeffersonisac.adv.br\/index.php\/wp-json\/wp\/v2\/posts\/3637"}],"collection":[{"href":"https:\/\/jeffersonisac.adv.br\/index.php\/wp-json\/wp\/v2\/posts"}],"about":[{"href":"https:\/\/jeffersonisac.adv.br\/index.php\/wp-json\/wp\/v2\/types\/post"}],"replies":[{"embeddable":true,"href":"https:\/\/jeffersonisac.adv.br\/index.php\/wp-json\/wp\/v2\/comments?post=3637"}],"version-history":[{"count":0,"href":"https:\/\/jeffersonisac.adv.br\/index.php\/wp-json\/wp\/v2\/posts\/3637\/revisions"}],"wp:attachment":[{"href":"https:\/\/jeffersonisac.adv.br\/index.php\/wp-json\/wp\/v2\/media?parent=3637"}],"wp:term":[{"taxonomy":"category","embeddable":true,"href":"https:\/\/jeffersonisac.adv.br\/index.php\/wp-json\/wp\/v2\/categories?post=3637"},{"taxonomy":"post_tag","embeddable":true,"href":"https:\/\/jeffersonisac.adv.br\/index.php\/wp-json\/wp\/v2\/tags?post=3637"}],"curies":[{"name":"wp","href":"https:\/\/api.w.org\/{rel}","templated":true}]}}