{"id":3640,"date":"2023-11-24T11:07:51","date_gmt":"2023-11-24T14:07:51","guid":{"rendered":"https:\/\/jeffersonisac.adv.br\/index.php\/2023\/11\/24\/comissao-aprova-sancoes-para-empresa-que-discriminar-pessoa-com-deficiencia\/"},"modified":"2023-11-24T11:07:51","modified_gmt":"2023-11-24T14:07:51","slug":"comissao-aprova-sancoes-para-empresa-que-discriminar-pessoa-com-deficiencia","status":"publish","type":"post","link":"https:\/\/jeffersonisac.adv.br\/index.php\/2023\/11\/24\/comissao-aprova-sancoes-para-empresa-que-discriminar-pessoa-com-deficiencia\/","title":{"rendered":"Comiss\u00e3o aprova san\u00e7\u00f5es para empresa que discriminar pessoa com defici\u00eancia"},"content":{"rendered":"<div class=\"image-container\">\n<div class=\"midia-creditos\"><em>GIlmar F\u00e9lix \/ C\u00e2mara dos Deputados<\/em><\/div>\n<div class=\"media-wrapper\"><\/div>\n<div class=\"midia-legenda\">Soraya Santos defendeu a aprova\u00e7\u00e3o da proposta<\/div>\n<\/div>\n<p>A Comiss\u00e3o de Defesa dos Direitos das Pessoas com Defici\u00eancia da C\u00e2mara dos Deputados aprovou projeto de lei que prev\u00ea san\u00e7\u00f5es para as empresas que praticarem atos discriminat\u00f3rios contra as pessoas com defici\u00eancia. A medida \u00e9 inserida no <a href=\"https:\/\/www2.camara.leg.br\/legin\/fed\/lei\/2015\/lei-13146-6-julho-2015-781174-norma-pl.html\">Estatuto da Pessoa com Defici\u00eancia<\/a>.<\/p>\n<p>O <a class=\"linkProposicao\" href=\"https:\/\/www.camara.leg.br\/noticias\/873047-projeto-fixa-sancoes-para-empresas-que-pratiquem-atos-discriminatorios-contra-pessoas-com-deficiencia\">Projeto de Lei 1032\/22<\/a>, do deputado Capit\u00e3o Alberto Neto (PL-AM), foi aprovado com parecer favor\u00e1vel da relatora, deputada Soraya Santos (PL-RJ). A proposta ainda vai ser analisada na Comiss\u00e3o de Constitui\u00e7\u00e3o e Justi\u00e7a e de Cidadania (CCJ).<\/p>\n<p>\u201cA legisla\u00e7\u00e3o deve ser elaborada de modo a atender as necessidades das pessoas com defici\u00eancia\u201d, disse a relatora.<\/p>\n<p><strong>Medidas<br \/>\n<\/strong>Pelo texto, a pessoa jur\u00eddica que pratique, induza ou incite discrimina\u00e7\u00e3o de pessoa em raz\u00e3o de sua defici\u00eancia estar\u00e1 sujeita &#8211; al\u00e9m da indeniza\u00e7\u00e3o por dano material, moral ou \u00e0 imagem &#8211; \u00e0 restri\u00e7\u00e3o de direitos e presta\u00e7\u00e3o de servi\u00e7os \u00e0 comunidade.<\/p>\n<p>Quanto \u00e0 restri\u00e7\u00e3o de direitos, ap\u00f3s o tr\u00e2nsito em julgado da senten\u00e7a condenat\u00f3ria, a pessoa jur\u00eddica ficar\u00e1 proibida de fazer contrato com o poder p\u00fablico e dele obter subs\u00eddios por, no m\u00ednimo, dois anos e, no m\u00e1ximo, dez anos.<\/p>\n<p>J\u00e1 a presta\u00e7\u00e3o de servi\u00e7os \u00e0 comunidade consistir\u00e1 em custeio de programas de fomento \u00e0 prote\u00e7\u00e3o da pessoa com defici\u00eancia contra toda forma de discrimina\u00e7\u00e3o ou viol\u00eancia e de obras de acessibilidade.<\/p>\n<p><a href=\"https:\/\/www.camara.leg.br\/noticias\/573454-SAIBA-MAIS-SOBRE-A-TRAMITACAO-DE-PROJETOS-DE-LEI\">Saiba mais sobre a tramita\u00e7\u00e3o de projetos de lei<\/a><\/p>","protected":false},"excerpt":{"rendered":"<p>GIlmar F\u00e9lix \/ C\u00e2mara dos Deputados Soraya Santos defendeu a aprova\u00e7\u00e3o da proposta A Comiss\u00e3o de Defesa dos Direitos das Pessoas com Defici\u00eancia da C\u00e2mara dos Deputados aprovou projeto de lei que prev\u00ea san\u00e7\u00f5es para as empresas que praticarem atos discriminat\u00f3rios contra as pessoas com defici\u00eancia. A medida \u00e9 inserida no Estatuto da Pessoa com [&hellip;]<\/p>\n","protected":false},"author":0,"featured_media":0,"comment_status":"open","ping_status":"open","sticky":false,"template":"","format":"standard","meta":{"footnotes":""},"categories":[1],"tags":[],"_links":{"self":[{"href":"https:\/\/jeffersonisac.adv.br\/index.php\/wp-json\/wp\/v2\/posts\/3640"}],"collection":[{"href":"https:\/\/jeffersonisac.adv.br\/index.php\/wp-json\/wp\/v2\/posts"}],"about":[{"href":"https:\/\/jeffersonisac.adv.br\/index.php\/wp-json\/wp\/v2\/types\/post"}],"replies":[{"embeddable":true,"href":"https:\/\/jeffersonisac.adv.br\/index.php\/wp-json\/wp\/v2\/comments?post=3640"}],"version-history":[{"count":0,"href":"https:\/\/jeffersonisac.adv.br\/index.php\/wp-json\/wp\/v2\/posts\/3640\/revisions"}],"wp:attachment":[{"href":"https:\/\/jeffersonisac.adv.br\/index.php\/wp-json\/wp\/v2\/media?parent=3640"}],"wp:term":[{"taxonomy":"category","embeddable":true,"href":"https:\/\/jeffersonisac.adv.br\/index.php\/wp-json\/wp\/v2\/categories?post=3640"},{"taxonomy":"post_tag","embeddable":true,"href":"https:\/\/jeffersonisac.adv.br\/index.php\/wp-json\/wp\/v2\/tags?post=3640"}],"curies":[{"name":"wp","href":"https:\/\/api.w.org\/{rel}","templated":true}]}}