{"id":3653,"date":"2023-11-24T16:27:37","date_gmt":"2023-11-24T19:27:37","guid":{"rendered":"https:\/\/jeffersonisac.adv.br\/index.php\/2023\/11\/24\/comissao-autoriza-ministerio-publico-a-iniciar-processo-por-estelionato-contra-autista\/"},"modified":"2023-11-24T16:27:37","modified_gmt":"2023-11-24T19:27:37","slug":"comissao-autoriza-ministerio-publico-a-iniciar-processo-por-estelionato-contra-autista","status":"publish","type":"post","link":"https:\/\/jeffersonisac.adv.br\/index.php\/2023\/11\/24\/comissao-autoriza-ministerio-publico-a-iniciar-processo-por-estelionato-contra-autista\/","title":{"rendered":"Comiss\u00e3o autoriza Minist\u00e9rio P\u00fablico a iniciar processo por estelionato contra autista"},"content":{"rendered":"<div class=\"image-container\">\n<div class=\"media-wrapper\"><\/div>\n<div class=\"midia-legenda\">A relatora, deputada Ros\u00e2ngela Moro, recomendou a aprova\u00e7\u00e3o da proposta<\/div>\n<\/div>\n<p>A Comiss\u00e3o de Defesa dos Direitos das Pessoas com Defici\u00eancia da C\u00e2mara dos Deputados aprovou projeto que autoriza o <span class=\"termoGlossario\">Minist\u00e9rio P\u00fablico<\/span> (MP) a iniciar processo penal nos casos de estelionato praticado contra pessoa com transtorno do espectro autista (TEA). O texto altera o <a href=\"https:\/\/www2.camara.leg.br\/legin\/fed\/declei\/1940-1949\/decreto-lei-2848-7-dezembro-1940-412868-norma-pe.html\">C\u00f3digo Penal<\/a>.<\/p>\n<p>Atualmente, s\u00f3 a v\u00edtima pode solicitar o in\u00edcio do processo judicial contra estelionato \u2013 \u00e9 a chamada a\u00e7\u00e3o penal p\u00fablica condicionada. A pr\u00f3pria lei, no entanto, j\u00e1 prev\u00ea exce\u00e7\u00f5es a essa regra e permite ao MP iniciar a a\u00e7\u00e3o quando a v\u00edtima for:<\/p>\n<p>a administra\u00e7\u00e3o p\u00fablica direta ou indireta;<br \/>\ncrian\u00e7a ou adolescente;<br \/>\npessoa com defici\u00eancia mental;<br \/>\nmaior de 70 anos de idade; e<br \/>\nincapaz.<\/p>\n<p>Na pr\u00e1tica, o <a class=\"linkProposicao\" href=\"https:\/\/www.camara.leg.br\/noticias\/1009906-projeto-autoriza-ministerio-publico-a-iniciar-processo-por-estelionato-contra-autista\">Projeto de Lei 4042\/23<\/a>, do deputado Cabo Gilberto Silva (PL-PB),\u00a0inclui as pessoas com autismo nessa lista.<\/p>\n<p><strong>Proatividade<\/strong><br \/>\nA medida recebeu parecer favor\u00e1vel da relatora, deputada Ros\u00e2ngela Moro (Uni\u00e3o-SP). Segundo ela, uma a\u00e7\u00e3o penal p\u00fablica incondicionada garantir\u00e1 a proatividade do Estado para proteger os interesses das pessoas com TEA, o que tamb\u00e9m diminuir\u00e1 a probabilidade de impunidade.<\/p>\n<p>\u201cPessoas com TEA podem ter dificuldades em se expressar, comunicar-se de forma eficaz ou compreender plenamente o processo legal&#8221;, ressalta Ros\u00e2ngela. Essa falta de habilidade para se comunicar, continua a relatora, pode dificultar a busca pela justi\u00e7a e a representa\u00e7\u00e3o adequada em casos de estelionato.<\/p>\n<p><strong>Tramita\u00e7\u00e3o<\/strong><br \/>\nO projeto ser\u00e1 analisado, em <span class=\"termoGlossario\">car\u00e1ter conclusivo<\/span>, pela Comiss\u00e3o de Constitui\u00e7\u00e3o e Justi\u00e7a e de Cidadania.<\/p>\n<p><a href=\"https:\/\/www.camara.leg.br\/noticias\/573454-SAIBA-MAIS-SOBRE-A-TRAMITACAO-DE-PROJETOS-DE-LEI\">Saiba mais sobre a tramita\u00e7\u00e3o de projetos de lei<\/a><\/p>\n<p>\u00a0<\/p>\n<div><\/div>\n<p>\u00a0<\/p>","protected":false},"excerpt":{"rendered":"<p>A relatora, deputada Ros\u00e2ngela Moro, recomendou a aprova\u00e7\u00e3o da proposta A Comiss\u00e3o de Defesa dos Direitos das Pessoas com Defici\u00eancia da C\u00e2mara dos Deputados aprovou projeto que autoriza o Minist\u00e9rio P\u00fablico (MP) a iniciar processo penal nos casos de estelionato praticado contra pessoa com transtorno do espectro autista (TEA). O texto altera o C\u00f3digo Penal. [&hellip;]<\/p>\n","protected":false},"author":0,"featured_media":0,"comment_status":"open","ping_status":"open","sticky":false,"template":"","format":"standard","meta":{"footnotes":""},"categories":[1],"tags":[],"_links":{"self":[{"href":"https:\/\/jeffersonisac.adv.br\/index.php\/wp-json\/wp\/v2\/posts\/3653"}],"collection":[{"href":"https:\/\/jeffersonisac.adv.br\/index.php\/wp-json\/wp\/v2\/posts"}],"about":[{"href":"https:\/\/jeffersonisac.adv.br\/index.php\/wp-json\/wp\/v2\/types\/post"}],"replies":[{"embeddable":true,"href":"https:\/\/jeffersonisac.adv.br\/index.php\/wp-json\/wp\/v2\/comments?post=3653"}],"version-history":[{"count":0,"href":"https:\/\/jeffersonisac.adv.br\/index.php\/wp-json\/wp\/v2\/posts\/3653\/revisions"}],"wp:attachment":[{"href":"https:\/\/jeffersonisac.adv.br\/index.php\/wp-json\/wp\/v2\/media?parent=3653"}],"wp:term":[{"taxonomy":"category","embeddable":true,"href":"https:\/\/jeffersonisac.adv.br\/index.php\/wp-json\/wp\/v2\/categories?post=3653"},{"taxonomy":"post_tag","embeddable":true,"href":"https:\/\/jeffersonisac.adv.br\/index.php\/wp-json\/wp\/v2\/tags?post=3653"}],"curies":[{"name":"wp","href":"https:\/\/api.w.org\/{rel}","templated":true}]}}