{"id":3659,"date":"2023-11-24T18:03:30","date_gmt":"2023-11-24T21:03:30","guid":{"rendered":"https:\/\/jeffersonisac.adv.br\/index.php\/2023\/11\/24\/comissao-aprova-atendimento-domiciliar-a-paciente-do-sus-com-mobilidade-reduzida\/"},"modified":"2023-11-24T18:03:30","modified_gmt":"2023-11-24T21:03:30","slug":"comissao-aprova-atendimento-domiciliar-a-paciente-do-sus-com-mobilidade-reduzida","status":"publish","type":"post","link":"https:\/\/jeffersonisac.adv.br\/index.php\/2023\/11\/24\/comissao-aprova-atendimento-domiciliar-a-paciente-do-sus-com-mobilidade-reduzida\/","title":{"rendered":"Comiss\u00e3o aprova atendimento domiciliar a paciente do SUS com mobilidade reduzida"},"content":{"rendered":"<p>A Comiss\u00e3o de Sa\u00fade da C\u00e2mara dos Deputados aprovou projeto de lei que d\u00e1 aos pacientes do Sistema \u00danico de Sa\u00fade (SUS) com mobilidade reduzida o direito \u00e0 aplica\u00e7\u00e3o domiciliar de medicamentos, procedimentos e vacinas.<\/p>\n<p>A proposta, que modifica a <a href=\"https:\/\/www2.camara.leg.br\/legin\/fed\/lei\/1990\/lei-8080-19-setembro-1990-365093-norma-pl.html\">Lei Org\u00e2nica da Sa\u00fade<\/a>, tamb\u00e9m concede a esses pacientes o direito de receber em casa todos os medicamentos de uso cont\u00ednuo prescritos por m\u00e9dico, sem \u00f4nus.<\/p>\n<p>A vers\u00e3o aprovada \u00e9 um <span class=\"termoGlossario\">substitutivo<\/span> da deputada Jandira Feghali (PCdoB-RJ) ao <a class=\"linkProposicao\" href=\"https:\/\/www.camara.leg.br\/noticias\/384516-projeto-preve-entrega-domiciliar-de-remedio-fornecido-pelo-sus-a-idoso\">Projeto de Lei 3697\/12<\/a>. A relatora optou por acatar as mudan\u00e7as ao texto original aprovadas anteriormente pela Comiss\u00e3o de Defesa dos Direitos das Pessoas com Defici\u00eancia.<\/p>\n<p>O substitutivo inclui na lei medidas que j\u00e1 v\u00eam sendo implementadas pelo SUS para beneficiar os usu\u00e1rios, como o subsistema de assist\u00eancia domiciliar e a marca\u00e7\u00e3o remota de consultas e procedimentos por meio do aplicativo \u201cConecte SUS\u201d.<\/p>\n<p>&#8220;O outro aspecto das proposi\u00e7\u00f5es \u00e9 que poder agendar e acompanhar remotamente consultas e procedimentos \u00e9 uma decorr\u00eancia natural dos avan\u00e7os da inform\u00e1tica e da populariza\u00e7\u00e3o de meios de conex\u00e3o, como tablets e smartphones, amplamente acess\u00edveis e de uso f\u00e1cil e intuitivo&#8221;, disse Feghali.<\/p>\n<p><strong>Tramita\u00e7\u00e3o<\/strong><strong><br \/>\n<\/strong>A proposta ser\u00e1 ainda analisada por duas comiss\u00f5es da C\u00e2mara: a de Finan\u00e7as e Tributa\u00e7\u00e3o e a de Constitui\u00e7\u00e3o e Justi\u00e7a e de Cidadania (CCJ).<\/p>\n<p><a href=\"https:\/\/www.camara.leg.br\/noticias\/573454-SAIBA-MAIS-SOBRE-A-TRAMITACAO-DE-PROJETOS-DE-LEI\">Saiba mais sobre a tramita\u00e7\u00e3o de projetos de lei<\/a><\/p>","protected":false},"excerpt":{"rendered":"<p>A Comiss\u00e3o de Sa\u00fade da C\u00e2mara dos Deputados aprovou projeto de lei que d\u00e1 aos pacientes do Sistema \u00danico de Sa\u00fade (SUS) com mobilidade reduzida o direito \u00e0 aplica\u00e7\u00e3o domiciliar de medicamentos, procedimentos e vacinas. A proposta, que modifica a Lei Org\u00e2nica da Sa\u00fade, tamb\u00e9m concede a esses pacientes o direito de receber em casa [&hellip;]<\/p>\n","protected":false},"author":0,"featured_media":0,"comment_status":"open","ping_status":"open","sticky":false,"template":"","format":"standard","meta":{"footnotes":""},"categories":[1],"tags":[],"_links":{"self":[{"href":"https:\/\/jeffersonisac.adv.br\/index.php\/wp-json\/wp\/v2\/posts\/3659"}],"collection":[{"href":"https:\/\/jeffersonisac.adv.br\/index.php\/wp-json\/wp\/v2\/posts"}],"about":[{"href":"https:\/\/jeffersonisac.adv.br\/index.php\/wp-json\/wp\/v2\/types\/post"}],"replies":[{"embeddable":true,"href":"https:\/\/jeffersonisac.adv.br\/index.php\/wp-json\/wp\/v2\/comments?post=3659"}],"version-history":[{"count":0,"href":"https:\/\/jeffersonisac.adv.br\/index.php\/wp-json\/wp\/v2\/posts\/3659\/revisions"}],"wp:attachment":[{"href":"https:\/\/jeffersonisac.adv.br\/index.php\/wp-json\/wp\/v2\/media?parent=3659"}],"wp:term":[{"taxonomy":"category","embeddable":true,"href":"https:\/\/jeffersonisac.adv.br\/index.php\/wp-json\/wp\/v2\/categories?post=3659"},{"taxonomy":"post_tag","embeddable":true,"href":"https:\/\/jeffersonisac.adv.br\/index.php\/wp-json\/wp\/v2\/tags?post=3659"}],"curies":[{"name":"wp","href":"https:\/\/api.w.org\/{rel}","templated":true}]}}