{"id":3666,"date":"2023-11-27T08:52:27","date_gmt":"2023-11-27T11:52:27","guid":{"rendered":"https:\/\/jeffersonisac.adv.br\/index.php\/2023\/11\/27\/comissao-de-cultura-discute-politica-brasileira-do-audiovisual\/"},"modified":"2023-11-27T08:52:27","modified_gmt":"2023-11-27T11:52:27","slug":"comissao-de-cultura-discute-politica-brasileira-do-audiovisual","status":"publish","type":"post","link":"https:\/\/jeffersonisac.adv.br\/index.php\/2023\/11\/27\/comissao-de-cultura-discute-politica-brasileira-do-audiovisual\/","title":{"rendered":"Comiss\u00e3o de Cultura discute pol\u00edtica brasileira do audiovisual"},"content":{"rendered":"<div class=\"image-container\">\n<div class=\"midia-creditos\"><em>Zeca Ribeiro \/ C\u00e2mara dos Deputados<\/em><\/div>\n<div class=\"media-wrapper\"><\/div>\n<div class=\"midia-legenda\">Jandira Feghali foi quem pediu a audi\u00eancia<\/div>\n<\/div>\n<p>A Comiss\u00e3o de Cultura da C\u00e2mara dos Deputados discute na ter\u00e7a-feira (28), \u00e0s 10 horas, no plen\u00e1rio 10, a pol\u00edtica industrial no audiovisual no Brasil.<\/p>\n<p>A audi\u00eancia foi sugerida pela deputada Jandira Feghali (PCdoB-RJ).<\/p>\n<p><a href=\"https:\/\/www.camara.leg.br\/evento-legislativo\/71252\">Confira a pauta<\/a><\/p>","protected":false},"excerpt":{"rendered":"<p>Zeca Ribeiro \/ C\u00e2mara dos Deputados Jandira Feghali foi quem pediu a audi\u00eancia A Comiss\u00e3o de Cultura da C\u00e2mara dos Deputados discute na ter\u00e7a-feira (28), \u00e0s 10 horas, no plen\u00e1rio 10, a pol\u00edtica industrial no audiovisual no Brasil. A audi\u00eancia foi sugerida pela deputada Jandira Feghali (PCdoB-RJ). Confira a pauta<\/p>\n","protected":false},"author":0,"featured_media":0,"comment_status":"open","ping_status":"open","sticky":false,"template":"","format":"standard","meta":{"footnotes":""},"categories":[1],"tags":[],"_links":{"self":[{"href":"https:\/\/jeffersonisac.adv.br\/index.php\/wp-json\/wp\/v2\/posts\/3666"}],"collection":[{"href":"https:\/\/jeffersonisac.adv.br\/index.php\/wp-json\/wp\/v2\/posts"}],"about":[{"href":"https:\/\/jeffersonisac.adv.br\/index.php\/wp-json\/wp\/v2\/types\/post"}],"replies":[{"embeddable":true,"href":"https:\/\/jeffersonisac.adv.br\/index.php\/wp-json\/wp\/v2\/comments?post=3666"}],"version-history":[{"count":0,"href":"https:\/\/jeffersonisac.adv.br\/index.php\/wp-json\/wp\/v2\/posts\/3666\/revisions"}],"wp:attachment":[{"href":"https:\/\/jeffersonisac.adv.br\/index.php\/wp-json\/wp\/v2\/media?parent=3666"}],"wp:term":[{"taxonomy":"category","embeddable":true,"href":"https:\/\/jeffersonisac.adv.br\/index.php\/wp-json\/wp\/v2\/categories?post=3666"},{"taxonomy":"post_tag","embeddable":true,"href":"https:\/\/jeffersonisac.adv.br\/index.php\/wp-json\/wp\/v2\/tags?post=3666"}],"curies":[{"name":"wp","href":"https:\/\/api.w.org\/{rel}","templated":true}]}}