{"id":3672,"date":"2023-11-27T12:45:10","date_gmt":"2023-11-27T15:45:10","guid":{"rendered":"https:\/\/jeffersonisac.adv.br\/index.php\/2023\/11\/27\/comissao-vai-debater-financiamento-de-pesquisa-no-setor-mineral\/"},"modified":"2023-11-27T12:45:10","modified_gmt":"2023-11-27T15:45:10","slug":"comissao-vai-debater-financiamento-de-pesquisa-no-setor-mineral","status":"publish","type":"post","link":"https:\/\/jeffersonisac.adv.br\/index.php\/2023\/11\/27\/comissao-vai-debater-financiamento-de-pesquisa-no-setor-mineral\/","title":{"rendered":"Comiss\u00e3o vai debater financiamento de pesquisa no setor mineral"},"content":{"rendered":"<div class=\"image-container\">\n<div class=\"midia-creditos\"><em>Renato Ara\u00fajo\/C\u00e2mara dos Deputados<\/em><\/div>\n<div class=\"media-wrapper\"><\/div>\n<div class=\"midia-legenda\">Z\u00e9 Silva \u00e9 o autor do requerimento para a realiza\u00e7\u00e3o da audi\u00eancia<\/div>\n<\/div>\n<p>A <span class=\"termoGlossario\">Comiss\u00e3o de Legisla\u00e7\u00e3o Participativa<\/span> vai realizar audi\u00eancia p\u00fablica nesta quarta-feira (29) para debater mecanismos de financiamento a pesquisas no setor mineral.<\/p>\n<p>Confira a <a href=\"https:\/\/www.camara.leg.br\/evento-legislativo\/71332\">lista de convidados<\/a> para a reuni\u00e3o, que est\u00e1 marcada para as 16 horas, no plen\u00e1rio 3, e poder\u00e1 ser acompanhada em tempo real pelo <a href=\"https:\/\/www.youtube.com\/@CamaradosDeputadosoficial\">canal da C\u00e2mara<\/a> no Youtube.<\/p>\n<p>O autor do requerimento para a realiza\u00e7\u00e3o da audi\u00eancia \u00e9 o deputado Z\u00e9 Silva (Solidariedade-MG). &#8220;A import\u00e2ncia do setor mineral fica evidente quando se tem em vista que a minera\u00e7\u00e3o teve uma participa\u00e7\u00e3o de 12,4% no valor total das exporta\u00e7\u00f5es brasileiras em 2022, com um total de US$ 41,7 bilh\u00f5es&#8221;, destacou.<\/p>\n<p>&#8220;A necessidade de viabilizar e fomentar o setor no Pa\u00eds \u00e9 reconhecida por meio da Pol\u00edtica Nacional de Minera\u00e7\u00e3o, que visa a possibilitar que ocorra no Brasil um melhor aproveitamento dos recursos minerais, aumentando a competitividade e garantindo o desenvolvimento econ\u00f4mico de forma sustent\u00e1vel&#8221;, acrescentou o deputado.<\/p>","protected":false},"excerpt":{"rendered":"<p>Renato Ara\u00fajo\/C\u00e2mara dos Deputados Z\u00e9 Silva \u00e9 o autor do requerimento para a realiza\u00e7\u00e3o da audi\u00eancia A Comiss\u00e3o de Legisla\u00e7\u00e3o Participativa vai realizar audi\u00eancia p\u00fablica nesta quarta-feira (29) para debater mecanismos de financiamento a pesquisas no setor mineral. Confira a lista de convidados para a reuni\u00e3o, que est\u00e1 marcada para as 16 horas, no plen\u00e1rio [&hellip;]<\/p>\n","protected":false},"author":0,"featured_media":0,"comment_status":"open","ping_status":"open","sticky":false,"template":"","format":"standard","meta":{"footnotes":""},"categories":[1],"tags":[],"_links":{"self":[{"href":"https:\/\/jeffersonisac.adv.br\/index.php\/wp-json\/wp\/v2\/posts\/3672"}],"collection":[{"href":"https:\/\/jeffersonisac.adv.br\/index.php\/wp-json\/wp\/v2\/posts"}],"about":[{"href":"https:\/\/jeffersonisac.adv.br\/index.php\/wp-json\/wp\/v2\/types\/post"}],"replies":[{"embeddable":true,"href":"https:\/\/jeffersonisac.adv.br\/index.php\/wp-json\/wp\/v2\/comments?post=3672"}],"version-history":[{"count":0,"href":"https:\/\/jeffersonisac.adv.br\/index.php\/wp-json\/wp\/v2\/posts\/3672\/revisions"}],"wp:attachment":[{"href":"https:\/\/jeffersonisac.adv.br\/index.php\/wp-json\/wp\/v2\/media?parent=3672"}],"wp:term":[{"taxonomy":"category","embeddable":true,"href":"https:\/\/jeffersonisac.adv.br\/index.php\/wp-json\/wp\/v2\/categories?post=3672"},{"taxonomy":"post_tag","embeddable":true,"href":"https:\/\/jeffersonisac.adv.br\/index.php\/wp-json\/wp\/v2\/tags?post=3672"}],"curies":[{"name":"wp","href":"https:\/\/api.w.org\/{rel}","templated":true}]}}