{"id":3676,"date":"2023-11-27T12:45:11","date_gmt":"2023-11-27T15:45:11","guid":{"rendered":"https:\/\/jeffersonisac.adv.br\/index.php\/2023\/11\/27\/comissao-vai-debater-regulamentacao-da-producao-de-cannabis-e-canhamo\/"},"modified":"2023-11-27T12:45:11","modified_gmt":"2023-11-27T15:45:11","slug":"comissao-vai-debater-regulamentacao-da-producao-de-cannabis-e-canhamo","status":"publish","type":"post","link":"https:\/\/jeffersonisac.adv.br\/index.php\/2023\/11\/27\/comissao-vai-debater-regulamentacao-da-producao-de-cannabis-e-canhamo\/","title":{"rendered":"Comiss\u00e3o vai debater regulamenta\u00e7\u00e3o da produ\u00e7\u00e3o de Cannabis e c\u00e2nhamo"},"content":{"rendered":"<div class=\"image-container\">\n<div class=\"midia-creditos\"><em>Zeca Ribeiro \/ C\u00e2mara dos Deputados<\/em><\/div>\n<div class=\"media-wrapper\"><\/div>\n<div class=\"midia-legenda\">Chico Alencar \u00e9 o autor do requerimento para a realiza\u00e7\u00e3o da audi\u00eancia<\/div>\n<\/div>\n<p>A <span class=\"termoGlossario\">Comiss\u00e3o de Legisla\u00e7\u00e3o Participativa<\/span> vai realizar audi\u00eancia p\u00fablica nesta quarta-feira (29) para debater a regulamenta\u00e7\u00e3o do cultivo da <em>Cannabis<\/em> para fins terap\u00eauticos e do c\u00e2nhamo industrial no Brasil.<\/p>\n<p>Confira a <a href=\"https:\/\/www.camara.leg.br\/evento-legislativo\/71331\">lista de convidados<\/a> para a reuni\u00e3o, marcada para as 14 horas, no plen\u00e1rio 3, e que poder\u00e1 ser acompanhada em tempo real pelo <a href=\"https:\/\/www.youtube.com\/@CamaradosDeputadosoficial\">canal da C\u00e2mara<\/a> no Youtube.<\/p>\n<p>O autor do requerimento para a realiza\u00e7\u00e3o da audi\u00eancia \u00e9 o deputado Chico Alencar (Psol-RJ). Ele lembra que o <a class=\"linkProposicao\" href=\"https:\/\/www.camara.leg.br\/noticias\/689107-proposta-que-regulamenta-plantio-de-maconha-para-fins-medicinais-esta-pronta-para-votacao-mas-ainda-nao-tem-consenso-copia\">Projeto de Lei 399\/2015<\/a>, que trata do cultivo da <em>Cannabis<\/em> para fins medicinais, foi aprovado em <span class=\"termoGlossario\">car\u00e1ter conclusivo<\/span> em junho de 2021 em comiss\u00e3o especial da C\u00e2mara e, desde ent\u00e3o, aguarda vota\u00e7\u00e3o de recurso para que ele tamb\u00e9m seja analisado pelo Plen\u00e1rio.<\/p>\n<p><strong>Importa\u00e7\u00e3o<br \/>\n<\/strong>&#8220;Enquanto isso, v\u00e1rias leis estaduais t\u00eam sido aprovadas para que a <em>Cannabis<\/em> medicinal seja distribu\u00edda gratuitamente via Sistema \u00danico de Sa\u00fade (SUS) por meio de importa\u00e7\u00e3o a custos elevad\u00edssimos&#8221;, disse.<\/p>\n<p><a href=\"https:\/\/www.camara.leg.br\/noticias\/573454-SAIBA-MAIS-SOBRE-A-TRAMITACAO-DE-PROJETOS-DE-LEI\">Saiba mais sobre a tramita\u00e7\u00e3o de projetos de lei<\/a><\/p>\n<p>&#8220;Apesar de o uso terap\u00eautico e medicinal da <em>Cannabis<\/em> j\u00e1 ser regulado no<br \/>\nBrasil por meio de duas resolu\u00e7\u00f5es da Diretoria Colegiada da Ag\u00eancia Nacional de Vigil\u00e2ncia Sanit\u00e1ria (Anvisa) o insumo para a produ\u00e7\u00e3o do medicamento \u00e9 importado em d\u00f3lar com adi\u00e7\u00e3o de frete internacional. Dessa maneira, o custo final inviabiliza a democratiza\u00e7\u00e3o do tratamento&#8221;, acrescentou o parlamentar. Ele se refere \u00e0s resolu\u00e7\u00f5es RDC 327\/2019 e RDC 660\/2022 da Anvisa.<\/p>\n<p><strong>C\u00e2nhamo<br \/>\n<\/strong>Em rela\u00e7\u00e3o ao cultivo do c\u00e2nhamo, uma cepa da <em>Cannabis<\/em> com caracter\u00edsticas mais fibrosas e incapaz de produzir entorpecente por conter quantidades \u00ednfimas de tetrahidrocanabinol (THC), Chico Alencar cita o potencial industrial da fibra, que \u00e9 utilizada em mais de 25 mil produtos industrializados, como biopl\u00e1stico, papel, tecidos.<\/p>\n<p>&#8220;De acordo com levantamento da empresa de dados Kaya Mind, o cultivo de apenas 15 mil hectares de c\u00e2nhamo pode movimentar quase R$ 5 bilh\u00f5es em vendas de insumo, gerar mais de 100 mil empregos diretos e arrecadar cerca de R$ 330 milh\u00f5es em impostos&#8221;, ressaltou o deputado.<\/p>","protected":false},"excerpt":{"rendered":"<p>Zeca Ribeiro \/ C\u00e2mara dos Deputados Chico Alencar \u00e9 o autor do requerimento para a realiza\u00e7\u00e3o da audi\u00eancia A Comiss\u00e3o de Legisla\u00e7\u00e3o Participativa vai realizar audi\u00eancia p\u00fablica nesta quarta-feira (29) para debater a regulamenta\u00e7\u00e3o do cultivo da Cannabis para fins terap\u00eauticos e do c\u00e2nhamo industrial no Brasil. Confira a lista de convidados para a reuni\u00e3o, [&hellip;]<\/p>\n","protected":false},"author":0,"featured_media":0,"comment_status":"open","ping_status":"open","sticky":false,"template":"","format":"standard","meta":{"footnotes":""},"categories":[1],"tags":[],"_links":{"self":[{"href":"https:\/\/jeffersonisac.adv.br\/index.php\/wp-json\/wp\/v2\/posts\/3676"}],"collection":[{"href":"https:\/\/jeffersonisac.adv.br\/index.php\/wp-json\/wp\/v2\/posts"}],"about":[{"href":"https:\/\/jeffersonisac.adv.br\/index.php\/wp-json\/wp\/v2\/types\/post"}],"replies":[{"embeddable":true,"href":"https:\/\/jeffersonisac.adv.br\/index.php\/wp-json\/wp\/v2\/comments?post=3676"}],"version-history":[{"count":0,"href":"https:\/\/jeffersonisac.adv.br\/index.php\/wp-json\/wp\/v2\/posts\/3676\/revisions"}],"wp:attachment":[{"href":"https:\/\/jeffersonisac.adv.br\/index.php\/wp-json\/wp\/v2\/media?parent=3676"}],"wp:term":[{"taxonomy":"category","embeddable":true,"href":"https:\/\/jeffersonisac.adv.br\/index.php\/wp-json\/wp\/v2\/categories?post=3676"},{"taxonomy":"post_tag","embeddable":true,"href":"https:\/\/jeffersonisac.adv.br\/index.php\/wp-json\/wp\/v2\/tags?post=3676"}],"curies":[{"name":"wp","href":"https:\/\/api.w.org\/{rel}","templated":true}]}}