{"id":3680,"date":"2023-11-27T14:26:41","date_gmt":"2023-11-27T17:26:41","guid":{"rendered":"https:\/\/jeffersonisac.adv.br\/index.php\/2023\/11\/27\/comissao-debate-regras-para-selecao-de-diretor-de-escola-publica\/"},"modified":"2023-11-27T14:26:41","modified_gmt":"2023-11-27T17:26:41","slug":"comissao-debate-regras-para-selecao-de-diretor-de-escola-publica","status":"publish","type":"post","link":"https:\/\/jeffersonisac.adv.br\/index.php\/2023\/11\/27\/comissao-debate-regras-para-selecao-de-diretor-de-escola-publica\/","title":{"rendered":"Comiss\u00e3o debate regras para sele\u00e7\u00e3o de diretor de escola p\u00fablica"},"content":{"rendered":"<div class=\"image-container\">\n<div class=\"midia-creditos\"><em>Geraldo Bubniak\/Ag\u00eancia de Not\u00edcias do Paran\u00e1<\/em><\/div>\n<div class=\"media-wrapper\"><\/div>\n<div class=\"midia-legenda\">Segundo deputado, diretores tamb\u00e9m impactam na aprendizagem dos estudantes<\/div>\n<\/div>\n<p>A Comiss\u00e3o de Educa\u00e7\u00e3o da C\u00e2mara dos Deputados promove audi\u00eancia p\u00fablica nesta quinta-feira (30) sobre sele\u00e7\u00e3o e forma\u00e7\u00e3o de diretores das escolas p\u00fablicas.\u00a0O debate foi proposto pelo deputado Idilvan Alencar (PDT-CE) e est\u00e1 marcado para as 9 horas, no plen\u00e1rio 10.<\/p>\n<p><a href=\"https:\/\/www.camara.leg.br\/evento-legislativo\/70880\">Confira quem foi convidado para discutir o assunto<\/a><\/p>\n<p>&#8220;Os diretores representam o segundo fator que mais impacta a aprendizagem dos estudantes, atr\u00e1s apenas dos professores. S\u00e3o atores centrais para a gest\u00e3o democr\u00e1tica, a garantia de um bom clima escolar e a promo\u00e7\u00e3o de um ambiente de aprendizado e forma\u00e7\u00e3o constante&#8221;, disse.<\/p>\n<p>Segundo o deputado, levantamento da associa\u00e7\u00e3o Dados para um Debate Democr\u00e1tico na Educa\u00e7\u00e3o (D\u00b3e) mostra que cerca de 30% das redes de ensino exige curso de gest\u00e3o escolar para candidatos ao cargo de diretor.<\/p>\n<p>&#8220;Na maioria dos estados e capitais que possuem indica\u00e7\u00e3o como \u00fanica modalidade de sele\u00e7\u00e3o, n\u00e3o h\u00e1 a exig\u00eancia de curso de gest\u00e3o como pr\u00e9-requisito nem como parte do processo seletivo&#8221;, destaca Alencar.<\/p>","protected":false},"excerpt":{"rendered":"<p>Geraldo Bubniak\/Ag\u00eancia de Not\u00edcias do Paran\u00e1 Segundo deputado, diretores tamb\u00e9m impactam na aprendizagem dos estudantes A Comiss\u00e3o de Educa\u00e7\u00e3o da C\u00e2mara dos Deputados promove audi\u00eancia p\u00fablica nesta quinta-feira (30) sobre sele\u00e7\u00e3o e forma\u00e7\u00e3o de diretores das escolas p\u00fablicas.\u00a0O debate foi proposto pelo deputado Idilvan Alencar (PDT-CE) e est\u00e1 marcado para as 9 horas, no plen\u00e1rio [&hellip;]<\/p>\n","protected":false},"author":0,"featured_media":0,"comment_status":"open","ping_status":"open","sticky":false,"template":"","format":"standard","meta":{"footnotes":""},"categories":[1],"tags":[],"_links":{"self":[{"href":"https:\/\/jeffersonisac.adv.br\/index.php\/wp-json\/wp\/v2\/posts\/3680"}],"collection":[{"href":"https:\/\/jeffersonisac.adv.br\/index.php\/wp-json\/wp\/v2\/posts"}],"about":[{"href":"https:\/\/jeffersonisac.adv.br\/index.php\/wp-json\/wp\/v2\/types\/post"}],"replies":[{"embeddable":true,"href":"https:\/\/jeffersonisac.adv.br\/index.php\/wp-json\/wp\/v2\/comments?post=3680"}],"version-history":[{"count":0,"href":"https:\/\/jeffersonisac.adv.br\/index.php\/wp-json\/wp\/v2\/posts\/3680\/revisions"}],"wp:attachment":[{"href":"https:\/\/jeffersonisac.adv.br\/index.php\/wp-json\/wp\/v2\/media?parent=3680"}],"wp:term":[{"taxonomy":"category","embeddable":true,"href":"https:\/\/jeffersonisac.adv.br\/index.php\/wp-json\/wp\/v2\/categories?post=3680"},{"taxonomy":"post_tag","embeddable":true,"href":"https:\/\/jeffersonisac.adv.br\/index.php\/wp-json\/wp\/v2\/tags?post=3680"}],"curies":[{"name":"wp","href":"https:\/\/api.w.org\/{rel}","templated":true}]}}