{"id":3681,"date":"2023-11-27T14:26:41","date_gmt":"2023-11-27T17:26:41","guid":{"rendered":"https:\/\/jeffersonisac.adv.br\/index.php\/2023\/11\/27\/comissao-promove-debate-sobre-uso-de-arroz-enriquecido-no-combate-a-fome-oculta\/"},"modified":"2023-11-27T14:26:41","modified_gmt":"2023-11-27T17:26:41","slug":"comissao-promove-debate-sobre-uso-de-arroz-enriquecido-no-combate-a-fome-oculta","status":"publish","type":"post","link":"https:\/\/jeffersonisac.adv.br\/index.php\/2023\/11\/27\/comissao-promove-debate-sobre-uso-de-arroz-enriquecido-no-combate-a-fome-oculta\/","title":{"rendered":"Comiss\u00e3o promove debate sobre uso de arroz enriquecido no combate \u00e0 &#8220;fome oculta&#8221;"},"content":{"rendered":"<div class=\"image-container\">\n<div class=\"midia-creditos\"><em>Marcelo Camargo\/Ag\u00eancia Brasil<\/em><\/div>\n<div class=\"media-wrapper\"><\/div>\n<\/div>\n<p>\u00a0<\/p>\n<p>A Comiss\u00e3o de Agricultura da C\u00e2mara dos Deputados debate nesta quinta-feira (30) o uso do arroz enriquecido no combate da &#8220;fome oculta&#8221; no Brasil. A fome oculta \u00e9 a defici\u00eancia de vitaminas e minerais e se diferencia da fome cl\u00e1ssica, pois pode ocorrer mesmo entre pessoas que ingerem calorias em quantidades suficientes, mas n\u00e3o de forma nutritiva.<\/p>\n<p>O deputado Evair Vieira de Melo (PP-ES) explica que a defici\u00eancia de micronutrientes tem como base unicamente na mensura\u00e7\u00e3o de n\u00edveis de anemia da popula\u00e7\u00e3o. No Brasil 20,9% da crian\u00e7as menores de 5 anos t\u00eam anemia e, considerando apenas do recortes de 6 a 23 meses, esse \u00edndice chega a 24,1%.<\/p>\n<p>Evair Vieira de Melo acrescenta que o Estudo Nacional de Alimenta\u00e7\u00e3o e Nutri\u00e7\u00e3o Infantil de 2019 indicou que metade das crian\u00e7as em idade pr\u00e9-escolar (6-59 meses) e 2\/3 mulheres n\u00e3o gr\u00e1vidas em idade reprodutiva (15- 49 anos) apresentaram algum n\u00edvel de defici\u00eancia de micronutrientes.<\/p>\n<p>&#8220;Frente a esse cen\u00e1rio, a fortifica\u00e7\u00e3o do arroz se apresenta como uma forma eficaz para melhoria da sa\u00fade da popula\u00e7\u00e3o e da ingest\u00e3o dos micronutrientes. Diversos estudos que atestam a efic\u00e1cia e a aceitabilidade do consumidor ao arroz enriquecido, devido, principalmente, ao arroz ser um componente central da dieta de diversas culturas&#8221;, avalia.<\/p>\n<p><a href=\"https:\/\/www.camara.leg.br\/evento-legislativo\/71275\">Veja a lista completa de convidados<\/a><\/p>\n<p>O debate ser\u00e1 realizado \u00e0s 10 horas, no plen\u00e1rio 6.<\/p>","protected":false},"excerpt":{"rendered":"<p>Marcelo Camargo\/Ag\u00eancia Brasil \u00a0 A Comiss\u00e3o de Agricultura da C\u00e2mara dos Deputados debate nesta quinta-feira (30) o uso do arroz enriquecido no combate da &#8220;fome oculta&#8221; no Brasil. A fome oculta \u00e9 a defici\u00eancia de vitaminas e minerais e se diferencia da fome cl\u00e1ssica, pois pode ocorrer mesmo entre pessoas que ingerem calorias em quantidades [&hellip;]<\/p>\n","protected":false},"author":0,"featured_media":0,"comment_status":"open","ping_status":"open","sticky":false,"template":"","format":"standard","meta":{"footnotes":""},"categories":[1],"tags":[],"_links":{"self":[{"href":"https:\/\/jeffersonisac.adv.br\/index.php\/wp-json\/wp\/v2\/posts\/3681"}],"collection":[{"href":"https:\/\/jeffersonisac.adv.br\/index.php\/wp-json\/wp\/v2\/posts"}],"about":[{"href":"https:\/\/jeffersonisac.adv.br\/index.php\/wp-json\/wp\/v2\/types\/post"}],"replies":[{"embeddable":true,"href":"https:\/\/jeffersonisac.adv.br\/index.php\/wp-json\/wp\/v2\/comments?post=3681"}],"version-history":[{"count":0,"href":"https:\/\/jeffersonisac.adv.br\/index.php\/wp-json\/wp\/v2\/posts\/3681\/revisions"}],"wp:attachment":[{"href":"https:\/\/jeffersonisac.adv.br\/index.php\/wp-json\/wp\/v2\/media?parent=3681"}],"wp:term":[{"taxonomy":"category","embeddable":true,"href":"https:\/\/jeffersonisac.adv.br\/index.php\/wp-json\/wp\/v2\/categories?post=3681"},{"taxonomy":"post_tag","embeddable":true,"href":"https:\/\/jeffersonisac.adv.br\/index.php\/wp-json\/wp\/v2\/tags?post=3681"}],"curies":[{"name":"wp","href":"https:\/\/api.w.org\/{rel}","templated":true}]}}