{"id":3687,"date":"2023-11-28T06:38:08","date_gmt":"2023-11-28T09:38:08","guid":{"rendered":"https:\/\/jeffersonisac.adv.br\/index.php\/2023\/11\/28\/centro-de-estudos-da-camara-debate-legislacao-voltada-a-igualdade-racial\/"},"modified":"2023-11-28T06:38:08","modified_gmt":"2023-11-28T09:38:08","slug":"centro-de-estudos-da-camara-debate-legislacao-voltada-a-igualdade-racial","status":"publish","type":"post","link":"https:\/\/jeffersonisac.adv.br\/index.php\/2023\/11\/28\/centro-de-estudos-da-camara-debate-legislacao-voltada-a-igualdade-racial\/","title":{"rendered":"Centro de Estudos da C\u00e2mara debate legisla\u00e7\u00e3o voltada \u00e0 igualdade racial"},"content":{"rendered":"<div class=\"image-container\">\n<div class=\"midia-creditos\"><em>Bruno Spada\/C\u00e2mara dos Deputados<\/em><\/div>\n<div class=\"media-wrapper\"><\/div>\n<div class=\"midia-legenda\">Dandara (ao microfone) e Benedita da\u00a0 Silva (E) s\u00e3o relatoras de estudo sobre racismo<\/div>\n<\/div>\n<p>O <span class=\"termoGlossario\">Centro de Estudos e Debates Estrat\u00e9gicos<\/span> da C\u00e2mara dos Deputados realiza audi\u00eancia p\u00fablica nesta ter\u00e7a-feira (28) para debater a legisla\u00e7\u00e3o referente a algumas experi\u00eancias de a\u00e7\u00e3o afirmativa.<\/p>\n<p>Ser\u00e3o abordadas as Leis<\/p>\n<p><a class=\"linkLegislacao\" href=\"https:\/\/www2.camara.gov.br\/legin\/fed\/lei\/2012\/lei-12711-29-agosto-2012-774113-norma-pl.html\">12.711\/12<\/a>, que estabeleceu cotas nas universidades;<br \/>\n<a class=\"linkLegislacao\" href=\"https:\/\/www2.camara.gov.br\/legin\/fed\/lei\/2014\/lei-12990-9-junho-2014-778911-norma-pl.html\">12.990\/14<\/a>, sobre cotas nos concursos p\u00fablicos; e<br \/>\n<a class=\"linkLegislacao\" href=\"https:\/\/www2.camara.gov.br\/legin\/fed\/lei\/2003\/lei-10639-9-janeiro-2003-493157-norma-pl.html\">10.639\/03<\/a>, que estabelece o ensino da Hist\u00f3ria e Cultura Afro-Brasileira.<\/p>\n<p>Confira a <a href=\"https:\/\/www.camara.leg.br\/evento-legislativo\/70718\">lista de participantes<\/a> da reuni\u00e3o, que est\u00e1 marcada para as 17 horas no plen\u00e1rio 3.<\/p>\n<p><strong>Estudo<br \/>\n<\/strong>A audi\u00eancia foi requerida pelas deputadas Benedita da Silva (PT-RJ) e Dandara (PT-MG), que s\u00e3o relatoras do estudo &#8220;Pol\u00edticas P\u00fablicas de Combate ao Racismo e \u00e0s Desigualdades de G\u00eanero na Constru\u00e7\u00e3o de um Brasil Justo e Desenvolvido&#8221;.<\/p>\n<p>Na justificativa para a realiza\u00e7\u00e3o do debate, as deputadas destacam que a percep\u00e7\u00e3o da sociedade de que atuar na puni\u00e7\u00e3o do racismo \u00e9 insuficiente para a supera\u00e7\u00e3o da desigualdade racial tem crescido nas \u00faltimas d\u00e9cadas, sendo necess\u00e1rio promover ativamente a igualdade.<\/p>\n<p>&#8220;As discuss\u00f5es a respeito das pol\u00edticas p\u00fablicas de combate ao racismo ganham concretude se forem articuladas ao redor desse momento inovador na produ\u00e7\u00e3o legislativa brasileira e das li\u00e7\u00f5es que ele proporciona&#8221;, concluem.<\/p>\n<p>O que \u00e9 o Cedes<br \/>\nO Centro de Estudos e Debates Estrat\u00e9gicos \u00e9 um \u00f3rg\u00e3o t\u00e9cnico-consultivo da C\u00e2mara dos Deputados dedicado a an\u00e1lise e discuss\u00e3o de temas de car\u00e1ter inovador ou com potencial de transformar as realidades econ\u00f4mica, pol\u00edtica e social do Brasil.<\/p>\n<p>Desde sua instala\u00e7\u00e3o, em 2003, j\u00e1 foram publicados 27 estudos, muitos dos quais j\u00e1 transformados em lei ou incorporados pelos governantes.<\/p>\n<p>O colegiado \u00e9 composto por 23 parlamentares e presidido pelo deputado Da Vitoria (PP-ES).<\/p>\n<p>As publica\u00e7\u00f5es podem ser <a href=\"https:\/\/www2.camara.leg.br\/a-camara\/estruturaadm\/altosestudos\/publicacoes\">baixadas gratuitamente aqui<\/a> ou podem ser adquiridas no <a href=\"https:\/\/livraria.camara.leg.br\/\">site da Livraria da C\u00e2mara<\/a>.<\/p>","protected":false},"excerpt":{"rendered":"<p>Bruno Spada\/C\u00e2mara dos Deputados Dandara (ao microfone) e Benedita da\u00a0 Silva (E) s\u00e3o relatoras de estudo sobre racismo O Centro de Estudos e Debates Estrat\u00e9gicos da C\u00e2mara dos Deputados realiza audi\u00eancia p\u00fablica nesta ter\u00e7a-feira (28) para debater a legisla\u00e7\u00e3o referente a algumas experi\u00eancias de a\u00e7\u00e3o afirmativa. Ser\u00e3o abordadas as Leis 12.711\/12, que estabeleceu cotas nas [&hellip;]<\/p>\n","protected":false},"author":0,"featured_media":0,"comment_status":"open","ping_status":"open","sticky":false,"template":"","format":"standard","meta":{"footnotes":""},"categories":[1],"tags":[],"_links":{"self":[{"href":"https:\/\/jeffersonisac.adv.br\/index.php\/wp-json\/wp\/v2\/posts\/3687"}],"collection":[{"href":"https:\/\/jeffersonisac.adv.br\/index.php\/wp-json\/wp\/v2\/posts"}],"about":[{"href":"https:\/\/jeffersonisac.adv.br\/index.php\/wp-json\/wp\/v2\/types\/post"}],"replies":[{"embeddable":true,"href":"https:\/\/jeffersonisac.adv.br\/index.php\/wp-json\/wp\/v2\/comments?post=3687"}],"version-history":[{"count":0,"href":"https:\/\/jeffersonisac.adv.br\/index.php\/wp-json\/wp\/v2\/posts\/3687\/revisions"}],"wp:attachment":[{"href":"https:\/\/jeffersonisac.adv.br\/index.php\/wp-json\/wp\/v2\/media?parent=3687"}],"wp:term":[{"taxonomy":"category","embeddable":true,"href":"https:\/\/jeffersonisac.adv.br\/index.php\/wp-json\/wp\/v2\/categories?post=3687"},{"taxonomy":"post_tag","embeddable":true,"href":"https:\/\/jeffersonisac.adv.br\/index.php\/wp-json\/wp\/v2\/tags?post=3687"}],"curies":[{"name":"wp","href":"https:\/\/api.w.org\/{rel}","templated":true}]}}