{"id":3694,"date":"2023-11-28T10:24:56","date_gmt":"2023-11-28T13:24:56","guid":{"rendered":"https:\/\/jeffersonisac.adv.br\/index.php\/2023\/11\/28\/comissao-discute-demissoes-no-banco-da-amazonia\/"},"modified":"2023-11-28T10:24:56","modified_gmt":"2023-11-28T13:24:56","slug":"comissao-discute-demissoes-no-banco-da-amazonia","status":"publish","type":"post","link":"https:\/\/jeffersonisac.adv.br\/index.php\/2023\/11\/28\/comissao-discute-demissoes-no-banco-da-amazonia\/","title":{"rendered":"Comiss\u00e3o discute demiss\u00f5es no Banco da Amaz\u00f4nia"},"content":{"rendered":"<div class=\"image-container\">\n<div class=\"midia-creditos\"><em>Divulga\u00e7\u00e3o\/Basa<\/em><\/div>\n<div class=\"media-wrapper\"><\/div>\n<div class=\"midia-legenda\">O Basa \u00e9 uma sociedade de economia mista<\/div>\n<\/div>\n<p>A Comiss\u00e3o de Administra\u00e7\u00e3o e Servi\u00e7o P\u00fablico da C\u00e2mara dos Deputados debate, na quinta-feira (30), as demiss\u00f5es no Banco da Amaz\u00f4nia (Basa). A deputada Fernanda Melchionna (Psol-RS), que solicitou o debate, explica que a administra\u00e7\u00e3o da institui\u00e7\u00e3o decidiu, ainda no governo anterior, desligar os funcion\u00e1rios do chamado quadro de apoio, sem nenhum tipo de media\u00e7\u00e3o.<\/p>\n<p>&#8220;Mesmo com mudan\u00e7a na gest\u00e3o do banco, n\u00e3o houve at\u00e9 o momento qualquer sinaliza\u00e7\u00e3o de que haver\u00e1 a revers\u00e3o dessa pol\u00edtica de verdadeira demiss\u00e3o em massa&#8221;, afirma.<\/p>\n<p>O Basa \u00e9 uma empresa de economia mista, com atua\u00e7\u00e3o em todos os estados da regi\u00e3o Norte do Pa\u00eds, al\u00e9m do Maranh\u00e3o e Mato Grosso. Segundo deputada Fernanda Melchionna, o banco tem alcan\u00e7ado resultados financeiros positivos nas \u00faltimas tr\u00eas d\u00e9cadas, incluindo lucro l\u00edquido recorde em 2022, superando a marca de R$ 1 bilh\u00e3o \u2013 alta de 52,1% em 12 meses.<\/p>\n<p><a href=\"https:\/\/www.camara.leg.br\/evento-legislativo\/71149\">Veja quem foi convidado para discutir o assunto<\/a><\/p>\n<p>O debate ser\u00e1 realizado \u00e0s 13h30, no plen\u00e1rio 8.<\/p>","protected":false},"excerpt":{"rendered":"<p>Divulga\u00e7\u00e3o\/Basa O Basa \u00e9 uma sociedade de economia mista A Comiss\u00e3o de Administra\u00e7\u00e3o e Servi\u00e7o P\u00fablico da C\u00e2mara dos Deputados debate, na quinta-feira (30), as demiss\u00f5es no Banco da Amaz\u00f4nia (Basa). A deputada Fernanda Melchionna (Psol-RS), que solicitou o debate, explica que a administra\u00e7\u00e3o da institui\u00e7\u00e3o decidiu, ainda no governo anterior, desligar os funcion\u00e1rios do [&hellip;]<\/p>\n","protected":false},"author":0,"featured_media":0,"comment_status":"open","ping_status":"open","sticky":false,"template":"","format":"standard","meta":{"footnotes":""},"categories":[1],"tags":[],"_links":{"self":[{"href":"https:\/\/jeffersonisac.adv.br\/index.php\/wp-json\/wp\/v2\/posts\/3694"}],"collection":[{"href":"https:\/\/jeffersonisac.adv.br\/index.php\/wp-json\/wp\/v2\/posts"}],"about":[{"href":"https:\/\/jeffersonisac.adv.br\/index.php\/wp-json\/wp\/v2\/types\/post"}],"replies":[{"embeddable":true,"href":"https:\/\/jeffersonisac.adv.br\/index.php\/wp-json\/wp\/v2\/comments?post=3694"}],"version-history":[{"count":0,"href":"https:\/\/jeffersonisac.adv.br\/index.php\/wp-json\/wp\/v2\/posts\/3694\/revisions"}],"wp:attachment":[{"href":"https:\/\/jeffersonisac.adv.br\/index.php\/wp-json\/wp\/v2\/media?parent=3694"}],"wp:term":[{"taxonomy":"category","embeddable":true,"href":"https:\/\/jeffersonisac.adv.br\/index.php\/wp-json\/wp\/v2\/categories?post=3694"},{"taxonomy":"post_tag","embeddable":true,"href":"https:\/\/jeffersonisac.adv.br\/index.php\/wp-json\/wp\/v2\/tags?post=3694"}],"curies":[{"name":"wp","href":"https:\/\/api.w.org\/{rel}","templated":true}]}}