{"id":3699,"date":"2023-11-28T11:31:29","date_gmt":"2023-11-28T14:31:29","guid":{"rendered":"https:\/\/jeffersonisac.adv.br\/index.php\/2023\/11\/28\/comissao-aprova-projeto-que-facilita-revenda-de-carro-comprado-com-isencao-fiscal-por-representante-de-pessoa-com-deficiencia\/"},"modified":"2023-11-28T11:31:29","modified_gmt":"2023-11-28T14:31:29","slug":"comissao-aprova-projeto-que-facilita-revenda-de-carro-comprado-com-isencao-fiscal-por-representante-de-pessoa-com-deficiencia","status":"publish","type":"post","link":"https:\/\/jeffersonisac.adv.br\/index.php\/2023\/11\/28\/comissao-aprova-projeto-que-facilita-revenda-de-carro-comprado-com-isencao-fiscal-por-representante-de-pessoa-com-deficiencia\/","title":{"rendered":"Comiss\u00e3o aprova projeto que facilita revenda de carro comprado com isen\u00e7\u00e3o fiscal por representante de pessoa com defici\u00eancia"},"content":{"rendered":"<div class=\"image-container\">\n<div class=\"midia-creditos\"><em>Zeca Ribeiro \/ C\u00e2mara dos Deputados<\/em><\/div>\n<div class=\"media-wrapper\"><\/div>\n<div class=\"midia-legenda\">O relator da proposta, deputado Sargento Portugal<\/div>\n<\/div>\n<p>A Comiss\u00e3o de Defesa dos Direitos das Pessoas com Defici\u00eancia da C\u00e2mara dos Deputados aprovou projeto de lei que dispensa de autoriza\u00e7\u00e3o judicial a revenda de ve\u00edculos comprados com isen\u00e7\u00e3o fiscal por representantes de pessoa com defici\u00eancia. Essa dispensa s\u00f3 valer\u00e1 quando a compra for feita sem usar a renda ou o patrim\u00f4nio da pessoa com defici\u00eancia.<\/p>\n<p>\u201cA proposta visa facilitar a revenda de ve\u00edculos adquiridos com a isen\u00e7\u00e3o de <span class=\"termoGlossario\">IPI<\/span>, <span class=\"termoGlossario\">ICMS<\/span> ou <span class=\"termoGlossario\">IOF<\/span>, sem que haja dilapida\u00e7\u00e3o patrimonial da pessoa com defici\u00eancia\u201d, justificou o relator.<\/p>\n<p>O <a class=\"linkProposicao\" href=\"https:\/\/www.camara.leg.br\/noticias\/902254-projeto-dispensa-de-autorizacao-judicial-revenda-de-veiculo-comprado-com-recurso-de-representante-de-pessoa-com-deficiencia\">Projeto de Lei 2124\/22<\/a>, do ex-deputado deputado Geninho Zuliani (SP),\u00a0acrescenta um artigo ao <a class=\"linkLegislacao\" href=\"https:\/\/www2.camara.gov.br\/legin\/fed\/lei\/2015\/lei-13146-6-julho-2015-781174-norma-pl.html\">Estatuto da Pessoa com Defici\u00eancia<\/a> e recebeu parecer favor\u00e1vel do deputado Sargento Portugal (Pode-RJ).<\/p>\n<p>O processo administrativo que autorizar a isen\u00e7\u00e3o tamb\u00e9m dever\u00e1 comprovar que o valor usado na compra n\u00e3o pertencente \u00e0 pessoa com defici\u00eancia.<\/p>\n<p>O projeto n\u00e3o muda os prazos legais de libera\u00e7\u00e3o para revenda.<\/p>\n<p><strong>Tramita\u00e7\u00e3o<br \/>\n<\/strong>O projeto tramita em <span class=\"termoGlossario\">car\u00e1ter conclusivo<\/span> e ser\u00e1 analisado pelas comiss\u00f5es de Constitui\u00e7\u00e3o e Justi\u00e7a e de Cidadania.<\/p>\n<p><a href=\"https:\/\/www.camara.leg.br\/noticias\/573454-SAIBA-MAIS-SOBRE-A-TRAMITACAO-DE-PROJETOS-DE-LEI\">Saiba mais sobre a tramita\u00e7\u00e3o de projetos de lei<\/a><\/p>","protected":false},"excerpt":{"rendered":"<p>Zeca Ribeiro \/ C\u00e2mara dos Deputados O relator da proposta, deputado Sargento Portugal A Comiss\u00e3o de Defesa dos Direitos das Pessoas com Defici\u00eancia da C\u00e2mara dos Deputados aprovou projeto de lei que dispensa de autoriza\u00e7\u00e3o judicial a revenda de ve\u00edculos comprados com isen\u00e7\u00e3o fiscal por representantes de pessoa com defici\u00eancia. Essa dispensa s\u00f3 valer\u00e1 quando [&hellip;]<\/p>\n","protected":false},"author":0,"featured_media":0,"comment_status":"open","ping_status":"open","sticky":false,"template":"","format":"standard","meta":{"footnotes":""},"categories":[1],"tags":[],"_links":{"self":[{"href":"https:\/\/jeffersonisac.adv.br\/index.php\/wp-json\/wp\/v2\/posts\/3699"}],"collection":[{"href":"https:\/\/jeffersonisac.adv.br\/index.php\/wp-json\/wp\/v2\/posts"}],"about":[{"href":"https:\/\/jeffersonisac.adv.br\/index.php\/wp-json\/wp\/v2\/types\/post"}],"replies":[{"embeddable":true,"href":"https:\/\/jeffersonisac.adv.br\/index.php\/wp-json\/wp\/v2\/comments?post=3699"}],"version-history":[{"count":0,"href":"https:\/\/jeffersonisac.adv.br\/index.php\/wp-json\/wp\/v2\/posts\/3699\/revisions"}],"wp:attachment":[{"href":"https:\/\/jeffersonisac.adv.br\/index.php\/wp-json\/wp\/v2\/media?parent=3699"}],"wp:term":[{"taxonomy":"category","embeddable":true,"href":"https:\/\/jeffersonisac.adv.br\/index.php\/wp-json\/wp\/v2\/categories?post=3699"},{"taxonomy":"post_tag","embeddable":true,"href":"https:\/\/jeffersonisac.adv.br\/index.php\/wp-json\/wp\/v2\/tags?post=3699"}],"curies":[{"name":"wp","href":"https:\/\/api.w.org\/{rel}","templated":true}]}}