{"id":3700,"date":"2023-11-28T11:31:29","date_gmt":"2023-11-28T14:31:29","guid":{"rendered":"https:\/\/jeffersonisac.adv.br\/index.php\/2023\/11\/28\/comissoes-vao-debater-impacto-de-extracao-de-gas-de-xisto-no-meio-ambiente-e-na-saude-humana\/"},"modified":"2023-11-28T11:31:29","modified_gmt":"2023-11-28T14:31:29","slug":"comissoes-vao-debater-impacto-de-extracao-de-gas-de-xisto-no-meio-ambiente-e-na-saude-humana","status":"publish","type":"post","link":"https:\/\/jeffersonisac.adv.br\/index.php\/2023\/11\/28\/comissoes-vao-debater-impacto-de-extracao-de-gas-de-xisto-no-meio-ambiente-e-na-saude-humana\/","title":{"rendered":"Comiss\u00f5es v\u00e3o debater impacto de extra\u00e7\u00e3o de g\u00e1s de xisto no meio ambiente e na sa\u00fade humana"},"content":{"rendered":"<div class=\"image-container\">\n<div class=\"midia-creditos\"><em>Mario Agra \/ C\u00e2mara dos Deputados<\/em><\/div>\n<div class=\"media-wrapper\"><\/div>\n<div class=\"midia-legenda\">Jorge Solla \u00e9 o autor do requerimento para a realiza\u00e7\u00e3o da audi\u00eancia<\/div>\n<\/div>\n<p>As comiss\u00f5es de Sa\u00fade e de Meio Ambiente da C\u00e2mara dos Deputados v\u00e3o realizar audi\u00eancia p\u00fablica nesta quinta-feira (30) para debater os impactos na sa\u00fade e no meio ambiente da pr\u00e1tica do <em>fracking<\/em> (fraturamento hidr\u00e1ulico) na extra\u00e7\u00e3o de g\u00e1s de xisto.<\/p>\n<p>Essa t\u00e9cnica consiste em realizar perfura\u00e7\u00f5es que superam os 3,2 mil metros de profundidade no solo para a extra\u00e7\u00e3o de g\u00e1s de xisto ou folhelho. Por meio da tubula\u00e7\u00e3o instalada nessas perfura\u00e7\u00f5es, \u00e9 injetada uma grande quantidade de \u00e1gua em conjunto com solventes qu\u00edmicos comprimidos, sendo alguns com potencial cancer\u00edgeno.<\/p>\n<p>Confira a <a href=\"https:\/\/www.camara.leg.br\/evento-legislativo\/71191\">lista de convidados<\/a> para a reuni\u00e3o, que est\u00e1 marcada para as 10 horas, no plen\u00e1rio 2.<\/p>\n<p><strong>Contamina\u00e7\u00e3o<br \/>\n<\/strong>O autor do requerimento para a realiza\u00e7\u00e3o da audi\u00eancia \u00e9 o deputado Jorge Solla (PT-BA). Ele cita estudos que mostram que mais de 90% de fluidos resultantes do <em>fracking<\/em> podem permanecer no subsolo. Parte desse fluido, por\u00e9m, retorna \u00e0 superf\u00edcie contaminando o solo, o ar e os len\u00e7\u00f3is de \u00e1gua subterr\u00e2nea.<\/p>\n<p>&#8220;A destrui\u00e7\u00e3o dos recursos naturais afeta diretamente a agricultura, a pecu\u00e1ria, o turismo e o bem-estar das pessoas que vivem nas regi\u00f5es de extra\u00e7\u00e3o, al\u00e9m de impedir a exporta\u00e7\u00e3o da produ\u00e7\u00e3o&#8221;, disse o deputado. &#8220;Por todos esses danos e riscos, v\u00e1rios pa\u00edses j\u00e1 proibiram esta pr\u00e1tica, como Alemanha, Fran\u00e7a, Holanda, Su\u00e9cia, Bulg\u00e1ria, Pol\u00f4nia e Israel&#8221;, acrescentou.<\/p>","protected":false},"excerpt":{"rendered":"<p>Mario Agra \/ C\u00e2mara dos Deputados Jorge Solla \u00e9 o autor do requerimento para a realiza\u00e7\u00e3o da audi\u00eancia As comiss\u00f5es de Sa\u00fade e de Meio Ambiente da C\u00e2mara dos Deputados v\u00e3o realizar audi\u00eancia p\u00fablica nesta quinta-feira (30) para debater os impactos na sa\u00fade e no meio ambiente da pr\u00e1tica do fracking (fraturamento hidr\u00e1ulico) na extra\u00e7\u00e3o [&hellip;]<\/p>\n","protected":false},"author":0,"featured_media":0,"comment_status":"open","ping_status":"open","sticky":false,"template":"","format":"standard","meta":{"footnotes":""},"categories":[1],"tags":[],"_links":{"self":[{"href":"https:\/\/jeffersonisac.adv.br\/index.php\/wp-json\/wp\/v2\/posts\/3700"}],"collection":[{"href":"https:\/\/jeffersonisac.adv.br\/index.php\/wp-json\/wp\/v2\/posts"}],"about":[{"href":"https:\/\/jeffersonisac.adv.br\/index.php\/wp-json\/wp\/v2\/types\/post"}],"replies":[{"embeddable":true,"href":"https:\/\/jeffersonisac.adv.br\/index.php\/wp-json\/wp\/v2\/comments?post=3700"}],"version-history":[{"count":0,"href":"https:\/\/jeffersonisac.adv.br\/index.php\/wp-json\/wp\/v2\/posts\/3700\/revisions"}],"wp:attachment":[{"href":"https:\/\/jeffersonisac.adv.br\/index.php\/wp-json\/wp\/v2\/media?parent=3700"}],"wp:term":[{"taxonomy":"category","embeddable":true,"href":"https:\/\/jeffersonisac.adv.br\/index.php\/wp-json\/wp\/v2\/categories?post=3700"},{"taxonomy":"post_tag","embeddable":true,"href":"https:\/\/jeffersonisac.adv.br\/index.php\/wp-json\/wp\/v2\/tags?post=3700"}],"curies":[{"name":"wp","href":"https:\/\/api.w.org\/{rel}","templated":true}]}}