{"id":3721,"date":"2023-11-29T08:32:49","date_gmt":"2023-11-29T11:32:49","guid":{"rendered":"https:\/\/jeffersonisac.adv.br\/index.php\/2023\/11\/29\/comissao-debate-modalidade-do-minha-casa-minha-vida-que-engaja-organizacoes-sociais\/"},"modified":"2023-11-29T08:32:49","modified_gmt":"2023-11-29T11:32:49","slug":"comissao-debate-modalidade-do-minha-casa-minha-vida-que-engaja-organizacoes-sociais","status":"publish","type":"post","link":"https:\/\/jeffersonisac.adv.br\/index.php\/2023\/11\/29\/comissao-debate-modalidade-do-minha-casa-minha-vida-que-engaja-organizacoes-sociais\/","title":{"rendered":"Comiss\u00e3o debate modalidade do Minha Casa, Minha Vida que engaja organiza\u00e7\u00f5es sociais"},"content":{"rendered":"<div class=\"image-container\">\n<div class=\"midia-creditos\"><em>Zeca Ribeiro \/ C\u00e2mara dos Deputados<\/em><\/div>\n<div class=\"media-wrapper\"><\/div>\n<div class=\"midia-legenda\">Guilherme Boulos \u00e9 o autor do requerimento para a realiza\u00e7\u00e3o da audi\u00eancia<\/div>\n<\/div>\n<p>A Comiss\u00e3o de Desenvolvimento Urbano da C\u00e2mara dos Deputados realiza audi\u00eancia p\u00fablica nesta quarta-feira (29) para debater a retomada do Programa Minha Casa, Minha Vida, com foco na modalidade Entidades.<\/p>\n<p>Confira a<a href=\"https:\/\/www.camara.leg.br\/evento-legislativo\/71341\"> lista de convidados<\/a> para a reuni\u00e3o, marcada para as 17 horas no plen\u00e1rio 12.<\/p>\n<p>O autor do requerimento para a realiza\u00e7\u00e3o da audi\u00eancia \u00e9 o deputado Guilherme Boulos (PSOL-SP). Ele considera a modalidade Entidades priorit\u00e1ria por dois motivos:<\/p>\n<p>atende o p\u00fablico que mais sofre com o problema da moradia (fam\u00edlias com renda de at\u00e9 R$ 2.460,00) e<br \/>\npromove o envolvimento direto das organiza\u00e7\u00f5es e movimentos sociais, &#8220;garantindo o protagonismo das comunidades organizadas e fam\u00edlias no processo de implementa\u00e7\u00e3o, discuss\u00e3o e constru\u00e7\u00e3o das unidades habitacionais&#8221;.<\/p>","protected":false},"excerpt":{"rendered":"<p>Zeca Ribeiro \/ C\u00e2mara dos Deputados Guilherme Boulos \u00e9 o autor do requerimento para a realiza\u00e7\u00e3o da audi\u00eancia A Comiss\u00e3o de Desenvolvimento Urbano da C\u00e2mara dos Deputados realiza audi\u00eancia p\u00fablica nesta quarta-feira (29) para debater a retomada do Programa Minha Casa, Minha Vida, com foco na modalidade Entidades. Confira a lista de convidados para a [&hellip;]<\/p>\n","protected":false},"author":0,"featured_media":0,"comment_status":"open","ping_status":"open","sticky":false,"template":"","format":"standard","meta":{"footnotes":""},"categories":[1],"tags":[],"_links":{"self":[{"href":"https:\/\/jeffersonisac.adv.br\/index.php\/wp-json\/wp\/v2\/posts\/3721"}],"collection":[{"href":"https:\/\/jeffersonisac.adv.br\/index.php\/wp-json\/wp\/v2\/posts"}],"about":[{"href":"https:\/\/jeffersonisac.adv.br\/index.php\/wp-json\/wp\/v2\/types\/post"}],"replies":[{"embeddable":true,"href":"https:\/\/jeffersonisac.adv.br\/index.php\/wp-json\/wp\/v2\/comments?post=3721"}],"version-history":[{"count":0,"href":"https:\/\/jeffersonisac.adv.br\/index.php\/wp-json\/wp\/v2\/posts\/3721\/revisions"}],"wp:attachment":[{"href":"https:\/\/jeffersonisac.adv.br\/index.php\/wp-json\/wp\/v2\/media?parent=3721"}],"wp:term":[{"taxonomy":"category","embeddable":true,"href":"https:\/\/jeffersonisac.adv.br\/index.php\/wp-json\/wp\/v2\/categories?post=3721"},{"taxonomy":"post_tag","embeddable":true,"href":"https:\/\/jeffersonisac.adv.br\/index.php\/wp-json\/wp\/v2\/tags?post=3721"}],"curies":[{"name":"wp","href":"https:\/\/api.w.org\/{rel}","templated":true}]}}