{"id":3726,"date":"2023-11-29T10:22:13","date_gmt":"2023-11-29T13:22:13","guid":{"rendered":"https:\/\/jeffersonisac.adv.br\/index.php\/2023\/11\/29\/comissao-aprova-prioridade-para-compra-de-alimentos-da-agricultura-familiar-pelo-sus\/"},"modified":"2023-11-29T10:22:13","modified_gmt":"2023-11-29T13:22:13","slug":"comissao-aprova-prioridade-para-compra-de-alimentos-da-agricultura-familiar-pelo-sus","status":"publish","type":"post","link":"https:\/\/jeffersonisac.adv.br\/index.php\/2023\/11\/29\/comissao-aprova-prioridade-para-compra-de-alimentos-da-agricultura-familiar-pelo-sus\/","title":{"rendered":"Comiss\u00e3o aprova prioridade para compra de alimentos da agricultura familiar pelo SUS"},"content":{"rendered":"<div class=\"image-container\">\n<div class=\"midia-creditos\"><em>Bruno Spada \/ C\u00e2mara dos Deputadas<\/em><\/div>\n<div class=\"media-wrapper\"><\/div>\n<div class=\"midia-legenda\"><span>Cobalchini relatou a proposta\u00a0<\/span><\/div>\n<\/div>\n<p><span>A Comiss\u00e3o de Constitui\u00e7\u00e3o e Justi\u00e7a e de Cidadania (CCJ) da C\u00e2mara dos Deputados aprovou o <a class=\"linkProposicao\" href=\"https:\/\/www.camara.leg.br\/noticias\/679553-proposta-determina-ao-sus-que-priorize-compras-de-alimentos-pequenos-produtores\">Projeto de Lei 3663\/20<\/a>, que determina que as unidades do Sistema \u00danico de Sa\u00fade (SUS) priorizem a compra de alimentos produzidos por agricultores familiares, pescadores artesanais, silvicultores e extrativistas.<\/span><\/p>\n<p><span>O relator, deputado Cobalchini (MDB-SC), apresentou parecer pela constitucionalidade da proposta de autoria da ex-deputada Professora Dayane Pimentel (BA). <\/span><\/p>\n<p><span>O texto foi analisado em <span class=\"termoGlossario\">car\u00e1ter conclusivo<\/span> e poder\u00e1 seguir ao Senado, a menos que haja recurso para vota\u00e7\u00e3o antes pelo Plen\u00e1rio da C\u00e2mara.\u00a0<\/span><\/p>\n<p><span>O projeto altera a\u00a0 <a class=\"linkLegislacao\" href=\"https:\/\/www2.camara.gov.br\/legin\/fed\/lei\/1990\/lei-8080-19-setembro-1990-365093-norma-pl.html\">Lei Org\u00e2nica da Sa\u00fade<\/a>. De acordo com o texto aprovado, a compra dos produtos dever\u00e1 observar o menor pre\u00e7o obtido em processo licitat\u00f3rio.<\/span><\/p>\n<p><span>O Poder P\u00fablico dever\u00e1 apoiar a produ\u00e7\u00e3o e a regulariza\u00e7\u00e3o higi\u00eanico-sanit\u00e1ria dos g\u00eaneros aliment\u00edcios da agricultura familiar, de pescadores artesanais, silvicultores e extrativistas, visando a possibilitar a compra direta desses alimentos.<\/span><\/p>\n<p><a href=\"https:\/\/www.camara.leg.br\/noticias\/573454-SAIBA-MAIS-SOBRE-A-TRAMITACAO-DE-PROJETOS-DE-LEI\">Saiba mais sobre a tramita\u00e7\u00e3o de projetos de lei<\/a><\/p>","protected":false},"excerpt":{"rendered":"<p>Bruno Spada \/ C\u00e2mara dos Deputadas Cobalchini relatou a proposta\u00a0 A Comiss\u00e3o de Constitui\u00e7\u00e3o e Justi\u00e7a e de Cidadania (CCJ) da C\u00e2mara dos Deputados aprovou o Projeto de Lei 3663\/20, que determina que as unidades do Sistema \u00danico de Sa\u00fade (SUS) priorizem a compra de alimentos produzidos por agricultores familiares, pescadores artesanais, silvicultores e extrativistas. [&hellip;]<\/p>\n","protected":false},"author":0,"featured_media":0,"comment_status":"open","ping_status":"open","sticky":false,"template":"","format":"standard","meta":{"footnotes":""},"categories":[1],"tags":[],"_links":{"self":[{"href":"https:\/\/jeffersonisac.adv.br\/index.php\/wp-json\/wp\/v2\/posts\/3726"}],"collection":[{"href":"https:\/\/jeffersonisac.adv.br\/index.php\/wp-json\/wp\/v2\/posts"}],"about":[{"href":"https:\/\/jeffersonisac.adv.br\/index.php\/wp-json\/wp\/v2\/types\/post"}],"replies":[{"embeddable":true,"href":"https:\/\/jeffersonisac.adv.br\/index.php\/wp-json\/wp\/v2\/comments?post=3726"}],"version-history":[{"count":0,"href":"https:\/\/jeffersonisac.adv.br\/index.php\/wp-json\/wp\/v2\/posts\/3726\/revisions"}],"wp:attachment":[{"href":"https:\/\/jeffersonisac.adv.br\/index.php\/wp-json\/wp\/v2\/media?parent=3726"}],"wp:term":[{"taxonomy":"category","embeddable":true,"href":"https:\/\/jeffersonisac.adv.br\/index.php\/wp-json\/wp\/v2\/categories?post=3726"},{"taxonomy":"post_tag","embeddable":true,"href":"https:\/\/jeffersonisac.adv.br\/index.php\/wp-json\/wp\/v2\/tags?post=3726"}],"curies":[{"name":"wp","href":"https:\/\/api.w.org\/{rel}","templated":true}]}}