{"id":3730,"date":"2023-11-29T11:29:23","date_gmt":"2023-11-29T14:29:23","guid":{"rendered":"https:\/\/jeffersonisac.adv.br\/index.php\/2023\/11\/29\/plenario-pode-votar-proposta-que-autoriza-a-implantacao-de-usinas-de-energia-no-mar\/"},"modified":"2023-11-29T11:29:23","modified_gmt":"2023-11-29T14:29:23","slug":"plenario-pode-votar-proposta-que-autoriza-a-implantacao-de-usinas-de-energia-no-mar","status":"publish","type":"post","link":"https:\/\/jeffersonisac.adv.br\/index.php\/2023\/11\/29\/plenario-pode-votar-proposta-que-autoriza-a-implantacao-de-usinas-de-energia-no-mar\/","title":{"rendered":"Plen\u00e1rio pode votar proposta que autoriza a implanta\u00e7\u00e3o de usinas de energia no mar"},"content":{"rendered":"<div class=\"image-container\">\n<div class=\"midia-creditos\"><em>GettyImages<\/em><\/div>\n<div class=\"media-wrapper\"><\/div>\n<div class=\"midia-legenda\">Gera\u00e7\u00e3o de energia e\u00f3lica no mar<\/div>\n<\/div>\n<p>O Plen\u00e1rio da C\u00e2mara dos Deputados re\u00fane-se na tarde desta quarta-feira (29), a partir da 13h55, e pode analisar propostas que tratam, entre outros temas, projetos de lei associados \u00e0 chamada pauta verde.<\/p>\n<p>O foco nesse tema \u00e9 fruto da semana de abertura da Conven\u00e7\u00e3o do Clima (COP 28) que acontece em Dubai, nos Emirados \u00c1rabes Unidos, a partir de quinta-feira (30). O presidente da C\u00e2mara, Arthur Lira (PP-AL), deve participar do encontro a partir do dia 4.<\/p>\n<p>Entre as propostas est\u00e1 o <a class=\"linkProposicao\" href=\"https:\/\/www.camara.leg.br\/noticias\/551357-camara-vai-analisar-criacao-de-usinas-eolicas-e-solares-no-mar\">PL 11247\/18<\/a>, do Senado, que que regulamenta a explora\u00e7\u00e3o de energia e\u00f3lica no mar territorial brasileiro. A proposta re\u00fane 179 <span class=\"termoGlossario\">apensados<\/span> e tem como relator o deputado Z\u00e9 Vitor (PL-MG). <a href=\"https:\/\/www.camara.leg.br\/noticias\/1020544-deputados-aprovam-urgencia-para-quatro-projetos-de-lei-da-pauta-verde-acompanhe\/\">Os parlamentares aprovaram ontem a <\/a><span class=\"termoGlossario\">urg\u00eancia<\/span> para analisar o texto.<\/p>\n<p>Os parlamentares tamb\u00e9m podem analisar o <a class=\"linkProposicao\" href=\"https:\/\/www.camara.leg.br\/noticias\/760237-projeto-preve-criacao-de-politica-para-regular-transicao-energetica-no-brasil\">PL 327\/21<\/a>, do ex-deputado Christino \u00c1ureo (RJ), que prev\u00ea a cria\u00e7\u00e3o de uma pol\u00edtica para regular a transi\u00e7\u00e3o energ\u00e9tica no Brasil. A proposta passou a tramitar em regime de urg\u00eancia em virtude de requerimento aprovado ontem para votar <a class=\"linkProposicao\" href=\"https:\/\/www.camara.leg.br\/noticias\/1011171-projeto-garante-incentivos-a-transicao-da-matriz-energetica-pedido\">PL 5174\/23<\/a>, do deputado Arnaldo Jardim (Cidadania-SP), que institui o Programa de Acelera\u00e7\u00e3o da Transi\u00e7\u00e3o Energ\u00e9tica (Paten). Como est\u00e3o apensados, a prioridade de um se aplica a todos os demais.<\/p>\n<p>No contexto da pauta verde, <a href=\"https:\/\/www.camara.leg.br\/noticias\/1020557-camara-aprova-certificacao-e-incentivos-para-hidrogenio-com-baixa-emissao-de-carbono\/\">ontem o Plen\u00e1rio aprovou projeto de lei (<\/a><a class=\"linkProposicao\" href=\"https:\/\/www.camara.leg.br\/noticias\/984912-projeto-inclui-hidrogenio-verde-na-matriz-energetica-nacional\">PL 2308\/23<\/a><a href=\"https:\/\/www.camara.leg.br\/noticias\/1020557-camara-aprova-certificacao-e-incentivos-para-hidrogenio-com-baixa-emissao-de-carbono\/\">), que regulamenta a produ\u00e7\u00e3o de hidrog\u00eanio<\/a> considerado de baixa emiss\u00e3o de carbono, instituindo uma certifica\u00e7\u00e3o volunt\u00e1ria e incentivos federais tribut\u00e1rios.<\/p>\n<p><strong>Outros temas<\/strong><br \/>\nEst\u00e1 ainda na pauta o <a class=\"linkProposicao\" href=\"https:\/\/www.camara.leg.br\/noticias\/1011217-proposta-estende-ate-2024-o-prazo-dos-incentivos-da-lei-paulo-gustavo\">Projeto de Lei Complementar (PLP) 224\/23<\/a>, que prorroga at\u00e9 2024 o prazo para aplica\u00e7\u00e3o dos recursos da <a class=\"linkLegislacao\" href=\"https:\/\/www2.camara.gov.br\/legin\/fed\/leicom\/2022\/leicomplementar-195-8-julho-2022-792962-norma-pl.html\">Lei Paulo Gustavo<\/a>. Esse prazo venceu em dezembro do ano passado.<\/p>\n<p>Veja mais itens da pauta:<\/p>\n<p>&#8211; PL 4035\/23 &#8211; Institui Agosto como m\u00eas de combate \u00e0s desigualdades.<\/p>\n<p>&#8211; <a class=\"linkProposicao\" href=\"https:\/\/www.camara.leg.br\/noticias\/634789-projeto-obriga-administracao-publica-a-usar-linguagem-simples\">PL 6256\/19<\/a> &#8211; Institui a Pol\u00edtica Nacional de Linguagem Simples nos \u00f3rg\u00e3os e entidades da administra\u00e7\u00e3o p\u00fablica direta e indireta.<\/p>\n<p>&#8211; PLP 519\/18 &#8211; que regulamenta a atua\u00e7\u00e3o das cooperativas de seguros e das entidades de autogest\u00e3o de planos de seguro patrimonial;<\/p>\n<p>&#8211; <a class=\"linkProposicao\" href=\"https:\/\/www.camara.leg.br\/noticias\/536383-projeto-acelera-a-liberacao-de-pesquisas-clinicas-com-seres-humanos-no-brasil\">PL 7082\/17<\/a> &#8211; Disp\u00f5e sobre a pesquisa cl\u00ednica com seres humanos e institui o Sistema Nacional de \u00c9tica em Pesquisa Cl\u00ednica com Seres Humanos.<\/p>\n<p>&#8211; PL 3268\/21- Declara feriado nacional o Dia Nacional de Zumbi e da Consci\u00eancia Negra.<\/p>\n<p><a href=\"https:\/\/www.camara.leg.br\/evento-legislativo\/71382\">Veja a pauta completa<\/a><\/p>","protected":false},"excerpt":{"rendered":"<p>GettyImages Gera\u00e7\u00e3o de energia e\u00f3lica no mar O Plen\u00e1rio da C\u00e2mara dos Deputados re\u00fane-se na tarde desta quarta-feira (29), a partir da 13h55, e pode analisar propostas que tratam, entre outros temas, projetos de lei associados \u00e0 chamada pauta verde. O foco nesse tema \u00e9 fruto da semana de abertura da Conven\u00e7\u00e3o do Clima (COP [&hellip;]<\/p>\n","protected":false},"author":0,"featured_media":0,"comment_status":"open","ping_status":"open","sticky":false,"template":"","format":"standard","meta":{"footnotes":""},"categories":[1],"tags":[],"_links":{"self":[{"href":"https:\/\/jeffersonisac.adv.br\/index.php\/wp-json\/wp\/v2\/posts\/3730"}],"collection":[{"href":"https:\/\/jeffersonisac.adv.br\/index.php\/wp-json\/wp\/v2\/posts"}],"about":[{"href":"https:\/\/jeffersonisac.adv.br\/index.php\/wp-json\/wp\/v2\/types\/post"}],"replies":[{"embeddable":true,"href":"https:\/\/jeffersonisac.adv.br\/index.php\/wp-json\/wp\/v2\/comments?post=3730"}],"version-history":[{"count":0,"href":"https:\/\/jeffersonisac.adv.br\/index.php\/wp-json\/wp\/v2\/posts\/3730\/revisions"}],"wp:attachment":[{"href":"https:\/\/jeffersonisac.adv.br\/index.php\/wp-json\/wp\/v2\/media?parent=3730"}],"wp:term":[{"taxonomy":"category","embeddable":true,"href":"https:\/\/jeffersonisac.adv.br\/index.php\/wp-json\/wp\/v2\/categories?post=3730"},{"taxonomy":"post_tag","embeddable":true,"href":"https:\/\/jeffersonisac.adv.br\/index.php\/wp-json\/wp\/v2\/tags?post=3730"}],"curies":[{"name":"wp","href":"https:\/\/api.w.org\/{rel}","templated":true}]}}