{"id":3734,"date":"2023-11-29T12:49:23","date_gmt":"2023-11-29T15:49:23","guid":{"rendered":"https:\/\/jeffersonisac.adv.br\/index.php\/2023\/11\/29\/viaduto-sobre-a-br-116-em-curitiba-recebe-o-nome-de-francisco-pereira-netto\/"},"modified":"2023-11-29T12:49:23","modified_gmt":"2023-11-29T15:49:23","slug":"viaduto-sobre-a-br-116-em-curitiba-recebe-o-nome-de-francisco-pereira-netto","status":"publish","type":"post","link":"https:\/\/jeffersonisac.adv.br\/index.php\/2023\/11\/29\/viaduto-sobre-a-br-116-em-curitiba-recebe-o-nome-de-francisco-pereira-netto\/","title":{"rendered":"Viaduto sobre a BR-116 em Curitiba recebe o nome de Francisco Pereira Netto"},"content":{"rendered":"<div class=\"image-container\">\n<div class=\"midia-creditos\"><em>Cesar Brustolin\/SMCS<\/em><\/div>\n<div class=\"media-wrapper\"><\/div>\n<div class=\"midia-legenda\">Francisco Pereira Netto foi um pioneiro em regi\u00e3o de Curitiba<\/div>\n<\/div>\n<p>Foi sancionada nesta ter\u00e7a-feira (28) a <a class=\"linkLegislacao\" href=\"https:\/\/www2.camara.gov.br\/legin\/fed\/lei\/2023\/lei-14739-28-novembro-2023-794997-norma-pl.html\">Lei 14.739\/23<\/a>, que d\u00e1 o nome de Francisco Pereira Netto ao viaduto situado sobre a rodovia BR-116, no bairro Campo de Santana, em Curitiba (PR).\u00a0 O projeto que deu origem \u00e0 lei (PL 5310\/20) foi apresentado pelo deputado Luciano Ducci (PSB-PR).<\/p>\n<p>Francisco Pereira Netto foi um empres\u00e1rio que estabeleceu uma granja que chegou a ter 300 mil aves, sendo a maior do estado do Paran\u00e1. O empreendimento gerou muitos empregos, especialmente para fam\u00edlias que vinham do interior do estado em busca de trabalho.<\/p>\n<p>Era tamb\u00e9m um l\u00edder comunit\u00e1rio e cat\u00f3lico devoto. Junto \u00e0 sua esposa, Deomira Constantina Bonato, foi respons\u00e1vel pela cria\u00e7\u00e3o da Par\u00f3quia Sant\u00b4Ana. Faleceu no dia 20 de outubro de 2019, aos 89 anos.<\/p>","protected":false},"excerpt":{"rendered":"<p>Cesar Brustolin\/SMCS Francisco Pereira Netto foi um pioneiro em regi\u00e3o de Curitiba Foi sancionada nesta ter\u00e7a-feira (28) a Lei 14.739\/23, que d\u00e1 o nome de Francisco Pereira Netto ao viaduto situado sobre a rodovia BR-116, no bairro Campo de Santana, em Curitiba (PR).\u00a0 O projeto que deu origem \u00e0 lei (PL 5310\/20) foi apresentado pelo [&hellip;]<\/p>\n","protected":false},"author":0,"featured_media":0,"comment_status":"open","ping_status":"open","sticky":false,"template":"","format":"standard","meta":{"footnotes":""},"categories":[1],"tags":[],"_links":{"self":[{"href":"https:\/\/jeffersonisac.adv.br\/index.php\/wp-json\/wp\/v2\/posts\/3734"}],"collection":[{"href":"https:\/\/jeffersonisac.adv.br\/index.php\/wp-json\/wp\/v2\/posts"}],"about":[{"href":"https:\/\/jeffersonisac.adv.br\/index.php\/wp-json\/wp\/v2\/types\/post"}],"replies":[{"embeddable":true,"href":"https:\/\/jeffersonisac.adv.br\/index.php\/wp-json\/wp\/v2\/comments?post=3734"}],"version-history":[{"count":0,"href":"https:\/\/jeffersonisac.adv.br\/index.php\/wp-json\/wp\/v2\/posts\/3734\/revisions"}],"wp:attachment":[{"href":"https:\/\/jeffersonisac.adv.br\/index.php\/wp-json\/wp\/v2\/media?parent=3734"}],"wp:term":[{"taxonomy":"category","embeddable":true,"href":"https:\/\/jeffersonisac.adv.br\/index.php\/wp-json\/wp\/v2\/categories?post=3734"},{"taxonomy":"post_tag","embeddable":true,"href":"https:\/\/jeffersonisac.adv.br\/index.php\/wp-json\/wp\/v2\/tags?post=3734"}],"curies":[{"name":"wp","href":"https:\/\/api.w.org\/{rel}","templated":true}]}}