{"id":3744,"date":"2023-11-29T19:33:08","date_gmt":"2023-11-29T22:33:08","guid":{"rendered":"https:\/\/jeffersonisac.adv.br\/index.php\/2023\/11\/29\/ministro-do-esporte-ressalta-importancia-do-apoio-de-deputados-para-aumentar-orcamento-da-pasta\/"},"modified":"2023-11-29T19:33:08","modified_gmt":"2023-11-29T22:33:08","slug":"ministro-do-esporte-ressalta-importancia-do-apoio-de-deputados-para-aumentar-orcamento-da-pasta","status":"publish","type":"post","link":"https:\/\/jeffersonisac.adv.br\/index.php\/2023\/11\/29\/ministro-do-esporte-ressalta-importancia-do-apoio-de-deputados-para-aumentar-orcamento-da-pasta\/","title":{"rendered":"Ministro do Esporte ressalta import\u00e2ncia do apoio de deputados para aumentar or\u00e7amento da Pasta"},"content":{"rendered":"<div class=\"image-container\">\n<div class=\"midia-creditos\"><em>Zeca Ribeiro \/ C\u00e2mara dos Deputados<\/em><\/div>\n<div class=\"media-wrapper\"><\/div>\n<div class=\"midia-legenda\">Fufuca recebe uma das medalhas conquistadas pelo Brasil nos Jogos Parapanamericanos deste ano<\/div>\n<\/div>\n<p>O deputado licenciado e atual ministro do Esporte Andr\u00e9 Fufuca participou nesta quarta-feira (29) do 1\u00b0 F\u00f3rum Legislativo do Esporte e indicou que a Pasta tem trabalhando para ampliar o or\u00e7amento do esporte nacional, em seus diferentes n\u00edveis.<\/p>\n<p>Fufuca citou como exemplo a negocia\u00e7\u00e3o com o Parlamento e o governo para a derrubada do veto \u00e0 cria\u00e7\u00e3o do Fundo Nacional do Esporte, previsto na <a href=\"https:\/\/www2.camara.leg.br\/legin\/fed\/lei\/2023\/lei-14597-14-junho-2023-794299-publicacaooriginal-168070-pl.html\">Lei Geral do Esporte<\/a> \u2013 ao sancionar a lei, o presidente Lula vetou o fundo sob o argumento de que n\u00e3o havia previs\u00e3o de receitas or\u00e7ament\u00e1rias para sua institui\u00e7\u00e3o. O veto ainda n\u00e3o tem data para ser analisado pelo Congresso.<\/p>\n<p><strong>Esporte paral\u00edmpico<\/strong><br \/>\nOutra prioridade do Minist\u00e9rio do Esporte, segundo Fufuca, \u00e9 o incentivo ao esporte paral\u00edmpico.\u00a0\u201cQuando eu assumi a pasta, o minist\u00e9rio tinha or\u00e7amento de 1 milh\u00e3o para o paradesporto. Eu j\u00e1 coloquei para esse ano dez vezes: n\u00f3s vamos ter no m\u00ednimo R$ 10 milh\u00f5es para ajudar o paradesporto no ano de 2024\u201d, afirmou.<\/p>\n<p>Nos \u00faltimos Jogos Parapanamericanos de Santiago, o Brasil conquistou 343 medalhas, sendo 156 de ouro.<\/p>\n<p>Vice-presidente do Comit\u00ea Paral\u00edmpico Brasileiro, o atleta Yohansson Nascimento participou das Paraolimp\u00edadas de Pequim em 2008, Londres em 2012 e Rio de Janeiro em 2016, e conquistou ao todo uma medalha de ouro, tr\u00eas de prata e duas de bronze em atletismo da classe T45, para amputados de membros superiores \u2013 Yohansson nasceu sem as duas m\u00e3os.<\/p>\n<p>\u201cOnde houver uma crian\u00e7a com defici\u00eancia em qualquer lugar do Brasil, eu quero que ela tenha a mesma oportunidade que eu tive e transformar vidas de muitas fam\u00edlias atrav\u00e9s do esporte paraol\u00edmpico\u201d, disse. \u201cAtualmente, estamos com 67 centros de refer\u00eancia espalhados por todo Brasil, atendemos crian\u00e7as em idade escolar para que tenham oportunidade de ser inclu\u00eddas na sociedade.\u201d<\/p>\n<div class=\"image-container\">\n<div class=\"midia-creditos\"><em>Zeca Ribeiro \/ C\u00e2mara dos Deputados<\/em><\/div>\n<div class=\"media-wrapper\"><\/div>\n<div class=\"midia-legenda\">Yohansson Nascimento destacou a import\u00e2ncia dos centros de refer\u00eancia para incentivar crian\u00e7as com defici\u00eancia<\/div>\n<\/div>\n<p>O presidente do Conselho de Atletas do Comit\u00ea Paral\u00edmpico Brasileiro, Leomon Moreno, entregou uma das medalhas conquistadas pelo Brasil nos Jogos Parapanamericanos de 2023, realizado em Santiago (Chile). O Brasil terminou em 1\u00ba lugar no quadro de medalhas (343). Durante o evento, o ministro ressaltou que 97% dos medalhistas fazem parte do Programa Bolsa-Atleta.<\/p>\n<p><strong>Jogos estudantis<\/strong><br \/>\nNo F\u00f3rum Legislativo do Esporte, o 1\u00ba vice-presidente da Confedera\u00e7\u00e3o Brasileira do Desporto Escolar, Robson Aguiar, tamb\u00e9m chamou a aten\u00e7\u00e3o para a import\u00e2ncia dos jogos estudantis brasileiros como embri\u00f5es de atletas profissionais.<\/p>\n<p>O presidente do Comit\u00ea Brasileiro de Clubes, Paulo Maciel, concordou e acrescentou a import\u00e2ncia dos clubes na forma\u00e7\u00e3o de atletas.<\/p>\n<p>\u201cO clube no Brasil, hoje, \u00e9 como se fossem as universidades nos Estados Unidos. O segmento do esporte \u00e9 formado l\u00e1 pelos universit\u00e1rios; no Brasil, o segmento \u00e9 club\u00edstico. 85% dos atletas do Pan tiveram inicia\u00e7\u00e3o nos clubes e forma\u00e7\u00e3o em clubes. Ent\u00e3o, isso me orgulha muito\u201d, colocou.<\/p>\n<p><strong>Expectativa<\/strong><br \/>\nO vice-presidente do Comit\u00ea Ol\u00edmpico do Brasil, Marco Antonio La Porta, acredita em boas surpresas nas Olimp\u00edadas de Paris, no ano que vem, dadas a mudan\u00e7as no COB ao longo dos anos e no foco de atua\u00e7\u00e3o do Minist\u00e9rio do Esporte.<\/p>\n<p>\u201cE isso vai refletir em Paris. Eu n\u00e3o tenho d\u00favidas que n\u00f3s estaremos muito prontos para repetir ou melhorar o resultado. Mostramos isso no Panamericano, nossos atletas mostraram isso. O trabalho que n\u00f3s estamos fazendo aqui s\u00f3 refor\u00e7a essa esperan\u00e7a.\u201d<\/p>\n<div class=\"image-container\">\n<div class=\"midia-creditos\"><em>Bruno Spada\/C\u00e2mara dos Deputados<\/em><\/div>\n<div class=\"media-wrapper\"><\/div>\n<div class=\"midia-legenda\">Luiz Lima: &#8220;Precisamos ter uma forma\u00e7\u00e3o educacional adequada&#8221;<\/div>\n<\/div>\n<p><strong>Educa\u00e7\u00e3o para o depois<\/strong><br \/>\nNa opini\u00e3o do coordenador do f\u00f3rum, deputado Luiz Lima (PL-RJ), que \u00e9 presidente da Comiss\u00e3o do Esporte, a Educa\u00e7\u00e3o tamb\u00e9m \u00e9 importante para a forma\u00e7\u00e3o de atletas e a conscientiza\u00e7\u00e3o para a vida p\u00f3s-atleta.<\/p>\n<p>\u201cPrecisamos ter uma forma\u00e7\u00e3o educacional adequada, fazendo com que todas essas entidades se unam e fa\u00e7am com que os nossos atletas tenham uma forma\u00e7\u00e3o para que eles sejam e tenham uma vida p\u00f3s-atleta\u201d, ressaltou.<\/p>\n<p>Segundo Luiz Lima, essa vis\u00e3o deve estar presente tamb\u00e9m no Minist\u00e9rio do Esporte, para que sejam criadas janelas de oportunidade para os campe\u00f5es de hoje continuarem sendo exemplo a crian\u00e7as e jovens mesmo depois de terem deixado o esporte de alto rendimento.<\/p>\n<p><strong>O evento<\/strong><br \/>\nO 1\u00b0 F\u00f3rum Legislativo do Esporte \u00e9 promovido pela Comiss\u00e3o do Esporte da C\u00e2mara dos Deputados. A abertura reuniu parlamentares, representantes do governo, atletas e gestores esportivos. O evento tem dura\u00e7\u00e3o de dois dias.<\/p>","protected":false},"excerpt":{"rendered":"<p>Zeca Ribeiro \/ C\u00e2mara dos Deputados Fufuca recebe uma das medalhas conquistadas pelo Brasil nos Jogos Parapanamericanos deste ano O deputado licenciado e atual ministro do Esporte Andr\u00e9 Fufuca participou nesta quarta-feira (29) do 1\u00b0 F\u00f3rum Legislativo do Esporte e indicou que a Pasta tem trabalhando para ampliar o or\u00e7amento do esporte nacional, em seus [&hellip;]<\/p>\n","protected":false},"author":0,"featured_media":0,"comment_status":"open","ping_status":"open","sticky":false,"template":"","format":"standard","meta":{"footnotes":""},"categories":[1],"tags":[],"_links":{"self":[{"href":"https:\/\/jeffersonisac.adv.br\/index.php\/wp-json\/wp\/v2\/posts\/3744"}],"collection":[{"href":"https:\/\/jeffersonisac.adv.br\/index.php\/wp-json\/wp\/v2\/posts"}],"about":[{"href":"https:\/\/jeffersonisac.adv.br\/index.php\/wp-json\/wp\/v2\/types\/post"}],"replies":[{"embeddable":true,"href":"https:\/\/jeffersonisac.adv.br\/index.php\/wp-json\/wp\/v2\/comments?post=3744"}],"version-history":[{"count":0,"href":"https:\/\/jeffersonisac.adv.br\/index.php\/wp-json\/wp\/v2\/posts\/3744\/revisions"}],"wp:attachment":[{"href":"https:\/\/jeffersonisac.adv.br\/index.php\/wp-json\/wp\/v2\/media?parent=3744"}],"wp:term":[{"taxonomy":"category","embeddable":true,"href":"https:\/\/jeffersonisac.adv.br\/index.php\/wp-json\/wp\/v2\/categories?post=3744"},{"taxonomy":"post_tag","embeddable":true,"href":"https:\/\/jeffersonisac.adv.br\/index.php\/wp-json\/wp\/v2\/tags?post=3744"}],"curies":[{"name":"wp","href":"https:\/\/api.w.org\/{rel}","templated":true}]}}