{"id":3745,"date":"2023-11-29T19:33:08","date_gmt":"2023-11-29T22:33:08","guid":{"rendered":"https:\/\/jeffersonisac.adv.br\/index.php\/2023\/11\/29\/debatedores-cobram-politica-nacional-de-cuidados-para-idosos\/"},"modified":"2023-11-29T19:33:08","modified_gmt":"2023-11-29T22:33:08","slug":"debatedores-cobram-politica-nacional-de-cuidados-para-idosos","status":"publish","type":"post","link":"https:\/\/jeffersonisac.adv.br\/index.php\/2023\/11\/29\/debatedores-cobram-politica-nacional-de-cuidados-para-idosos\/","title":{"rendered":"Debatedores cobram pol\u00edtica nacional de cuidados para idosos"},"content":{"rendered":"<div class=\"image-container\">\n<div class=\"midia-creditos\"><em>Vinicius Loures \/ C\u00e2mara dos Deputados<\/em><\/div>\n<div class=\"media-wrapper\"><\/div>\n<div class=\"midia-legenda\">Assunto foi debatido pela Comiss\u00e3o de Direitos Humanos nesta quarta-feira<\/div>\n<\/div>\n<p><span>Debatedores ouvidos pela Comiss\u00e3o de Direitos Humanos da C\u00e2mara dos Deputados nesta quarta-feira (29) apontaram avan\u00e7os nas pol\u00edticas de transfer\u00eancia de renda para idosos, mas ressaltaram que ainda \u00e9 preciso consolidar pol\u00edticas p\u00fablicas de cuidados.\u00a0<\/span><\/p>\n<p><\/p>\n<p><span>Conforme levantamento do Minist\u00e9rio de Desenvolvimento Social (MDS), 40% dos idosos est\u00e3o no Cad\u00danico, ou seja, s\u00e3o aptos a receber bolsa fam\u00edlia e <span class=\"termoGlossario\">BPC<\/span>, e 5% est\u00e3o acamados em domic\u00edlio, requerendo cuidados intensivos. <\/span><\/p>\n<p><\/p>\n<p><span>Para a representante da Secretaria Nacional da Pol\u00edtica de Cuidados e Fam\u00edlia do MDS, Maria Carolina Pereira Alves, \u00e9 preciso analisar as pol\u00edticas existentes e cobrir as lacunas por meio de a\u00e7\u00e3o conjunta entre Estado, fam\u00edlias e iniciativa privada.\u00a0<\/span><\/p>\n<p><\/p>\n<p><span>\u201cA expectativa n\u00e3o \u00e9 criar uma pol\u00edtica do zero, mas sim identificar as ofertas que j\u00e1 existem e, dentre as demandas de cuidado que a popula\u00e7\u00e3o apresenta, quais s\u00e3o as lacunas que n\u00f3s temos, quais pol\u00edticas precisamos regulamentar e financiar e, em ultimo caso, vamos encontrar lacunas de programas que precisam ser criados\u201d, disse.<\/span><\/p>\n<p><\/p>\n<p><span>Segundo ela, a expectativa \u00e9 de que em maio de 2024 seja lan\u00e7ada uma proposta para a Politica Nacional de Cuidados.<\/span><\/p>\n<p><\/p>\n<div class=\"image-container\">\n<div class=\"midia-creditos\"><em>Vinicius Loures\/C\u00e2mara dos Deputados<\/em><\/div>\n<div class=\"media-wrapper\"><\/div>\n<div class=\"midia-legenda\">Maria Carolina espera para maio de 2024 proposta para a Politica Nacional de Cuidados<\/div>\n<\/div>\n<p><span>A secret\u00e1ria substituta da Secretaria Nacional em Defesa da Pessoa Idosa, Symone Bonfim, tamb\u00e9m acredita que, em uma popula\u00e7\u00e3o cada vez mais envelhecida, a pol\u00edtica de cuidados deve extrapolar o \u00e2mbito familiar e envolver outros setores da sociedade.\u00a0<\/span><\/p>\n<p><\/p>\n<p><span>\u201c\u00c9 mais do que urgente que o tema do envelhecimento e do protagonismo da pessoa idosa como sujeito de direitos. N\u00e3o \u00e9 porque estamos envelhecendo mais que temos de aceitar que os outros decidam pela gente\u201d, acrescentou.<\/span><\/p>\n<p><\/p>\n<p><span>Na mesma linha falou a deputada Erika Kokay (PT-DF), que solicitou a audi\u00eancia:\u00a0 \u201cCuidar com a centralidade nas pessoas porque o cuidar n\u00e3o pode ser apropriado pelo mercado, as vezes se cuida mais das mercadorias do que das pessoas e, ao mesmo tempo, se mercantiliza as pr\u00f3prias pessoas&#8221;, disse.<\/span><\/p>\n<p><\/p>\n<p><strong><span>Desigualdade<br \/>\n<\/span><\/strong><\/p>\n<p><span>Durante a audi\u00eancia, Symone Bonfim tamb\u00e9m ponderou que \u00e9 preciso avaliar os n\u00edveis de desigualdade entre a popula\u00e7\u00e3o idosa para melhor direcionar as pol\u00edticas de cuidado e de transfer\u00eancia de renda a essa popula\u00e7\u00e3o. Ela observou que as trajet\u00f3rias de vida do idoso podem repercutir no seu direito a envelhecer com dignidade.\u00a0 <\/span><\/p>\n<p><span>\u201cNingu\u00e9m envelhece da mesma forma num Pa\u00eds t\u00e3o desigual\u201d, frisou.\u00a0<\/span><\/p>\n<p><\/p>\n<p><span>O representante do F\u00f3rum Distrital da Sociedade Civil em Defesa dos Direitos da Pessoa Idosa, Vicente Faleiros, destacou a import\u00e2ncia de olhar os idosos n\u00e3o como pessoas fragilizadas, mas como detentores de direitos. <\/span><span>\u201cN\u00f3s precisamos considerar essa diversidade e heterogeneidade do envelhecimento porque o Estatuto defende a dignidade sem distin\u00e7\u00e3o\u201d, disse.<\/span><\/p>\n<p><\/p>\n<p><span>Segundo ele, o Pa\u00eds ainda n\u00e3o aderiu \u00e0 Conven\u00e7\u00e3o Interamericana sobre prote\u00e7\u00e3o dos direitos das pessoas idosas pactuada pela OEA em 2018, em raz\u00e3o de pol\u00eamica sobre trecho que garante o direto de as pessoas idosas conviverem com o g\u00eanero de sua escolha. \u00a0<\/span><\/p>\n<p><\/p>","protected":false},"excerpt":{"rendered":"<p>Vinicius Loures \/ C\u00e2mara dos Deputados Assunto foi debatido pela Comiss\u00e3o de Direitos Humanos nesta quarta-feira Debatedores ouvidos pela Comiss\u00e3o de Direitos Humanos da C\u00e2mara dos Deputados nesta quarta-feira (29) apontaram avan\u00e7os nas pol\u00edticas de transfer\u00eancia de renda para idosos, mas ressaltaram que ainda \u00e9 preciso consolidar pol\u00edticas p\u00fablicas de cuidados.\u00a0 Conforme levantamento do Minist\u00e9rio [&hellip;]<\/p>\n","protected":false},"author":0,"featured_media":0,"comment_status":"open","ping_status":"open","sticky":false,"template":"","format":"standard","meta":{"footnotes":""},"categories":[1],"tags":[],"_links":{"self":[{"href":"https:\/\/jeffersonisac.adv.br\/index.php\/wp-json\/wp\/v2\/posts\/3745"}],"collection":[{"href":"https:\/\/jeffersonisac.adv.br\/index.php\/wp-json\/wp\/v2\/posts"}],"about":[{"href":"https:\/\/jeffersonisac.adv.br\/index.php\/wp-json\/wp\/v2\/types\/post"}],"replies":[{"embeddable":true,"href":"https:\/\/jeffersonisac.adv.br\/index.php\/wp-json\/wp\/v2\/comments?post=3745"}],"version-history":[{"count":0,"href":"https:\/\/jeffersonisac.adv.br\/index.php\/wp-json\/wp\/v2\/posts\/3745\/revisions"}],"wp:attachment":[{"href":"https:\/\/jeffersonisac.adv.br\/index.php\/wp-json\/wp\/v2\/media?parent=3745"}],"wp:term":[{"taxonomy":"category","embeddable":true,"href":"https:\/\/jeffersonisac.adv.br\/index.php\/wp-json\/wp\/v2\/categories?post=3745"},{"taxonomy":"post_tag","embeddable":true,"href":"https:\/\/jeffersonisac.adv.br\/index.php\/wp-json\/wp\/v2\/tags?post=3745"}],"curies":[{"name":"wp","href":"https:\/\/api.w.org\/{rel}","templated":true}]}}