{"id":3762,"date":"2023-11-30T11:13:14","date_gmt":"2023-11-30T14:13:14","guid":{"rendered":"https:\/\/jeffersonisac.adv.br\/index.php\/2023\/11\/30\/comissao-aprova-projeto-que-exige-equipamentos-esportivos-em-nucleos-habitacionais-construidos-pelo-governo\/"},"modified":"2023-11-30T11:13:14","modified_gmt":"2023-11-30T14:13:14","slug":"comissao-aprova-projeto-que-exige-equipamentos-esportivos-em-nucleos-habitacionais-construidos-pelo-governo","status":"publish","type":"post","link":"https:\/\/jeffersonisac.adv.br\/index.php\/2023\/11\/30\/comissao-aprova-projeto-que-exige-equipamentos-esportivos-em-nucleos-habitacionais-construidos-pelo-governo\/","title":{"rendered":"Comiss\u00e3o aprova projeto que exige equipamentos esportivos em n\u00facleos habitacionais constru\u00eddos pelo governo"},"content":{"rendered":"<div class=\"image-container\">\n<div class=\"midia-creditos\"><em>Bruno Spada\/C\u00e2mara dos Deputados<\/em><\/div>\n<div class=\"media-wrapper\"><\/div>\n<div class=\"midia-legenda\">Cleber Verde: pr\u00e1tica de exerc\u00edcios \u00e9 fundamental para pessoa idosa<\/div>\n<\/div>\n<p>A Comiss\u00e3o de Desenvolvimento Urbano da C\u00e2mara dos Deputados aprovou projeto que exige a instala\u00e7\u00e3o de equipamentos comunit\u00e1rios para a pr\u00e1tica de esportes por pessoas idosas nos programas habitacionais desenvolvidos pelo governo ou subsidiados por recursos p\u00fablicos.<\/p>\n<p>O relator, deputado Cleber Verde (MDB-MA), recomendou a aprova\u00e7\u00e3o do <span class=\"termoGlossario\">substitutivo<\/span> <a href=\"https:\/\/www.camara.leg.br\/noticias\/991876-COMISSAO-APROVA-PROJETO-QUE-EXIGE-EQUIPAMENTOS-ESPORTIVOS-EM-NUCLEOS-HABITACIONAIS-FEITOS-PELO-GOVERNO\">da Comiss\u00e3o de Defesa dos Direitos da Pessoa Idosa<\/a> para o <a class=\"linkProposicao\" href=\"https:\/\/www.camara.leg.br\/noticias\/991874-proposta-faculta-instalacao-de-areas-de-lazer-para-as-pessoas-idosas-em-projetos-habitacionais-da-uniao\">Projeto de Lei 1278\/23<\/a>, do deputado Saullo Vianna (Uni\u00e3o-AM). O texto insere a obriga\u00e7\u00e3o no <a class=\"linkLegislacao\" href=\"https:\/\/www2.camara.gov.br\/legin\/fed\/lei\/2003\/lei-10741-1-outubro-2003-497511-norma-pl.html\">Estatuto da Pessoa Idosa<\/a>, enquanto o original previa a medida de forma facultativa, em norma aut\u00f4noma.<\/p>\n<p>\u201cA pr\u00e1tica de exerc\u00edcios f\u00edsicos \u00e9 fundamental para a sa\u00fade de todos, e, em especial, da pessoa idosa\u201d, afirmou Cleber Verde no parecer.<\/p>\n<p>\u201cEnvelhecer \u00e9 um processo que ocorre aos poucos e, quanto mais uma pessoa cuidar da sa\u00fade f\u00edsica e mental, menores ser\u00e3o as chances de doen\u00e7as cr\u00f4nicas\u201d, ressaltou Saullo Vianna, autor do projeto original.<\/p>\n<p><strong>Tramita\u00e7\u00e3o<\/strong><br \/>\nO projeto tramita em <span class=\"termoGlossario\">car\u00e1ter conclusivo<\/span> e ainda ser\u00e1 analisado pelas comiss\u00f5es de Finan\u00e7as e Tributa\u00e7\u00e3o; e de Constitui\u00e7\u00e3o e Justi\u00e7a e de Cidadania.<\/p>\n<p><a href=\"https:\/\/www.camara.leg.br\/noticias\/573454-SAIBA-MAIS-SOBRE-A-TRAMITACAO-DE-PROJETOS-DE-LEI\">Saiba mais sobre a tramita\u00e7\u00e3o de projetos de lei<\/a><\/p>","protected":false},"excerpt":{"rendered":"<p>Bruno Spada\/C\u00e2mara dos Deputados Cleber Verde: pr\u00e1tica de exerc\u00edcios \u00e9 fundamental para pessoa idosa A Comiss\u00e3o de Desenvolvimento Urbano da C\u00e2mara dos Deputados aprovou projeto que exige a instala\u00e7\u00e3o de equipamentos comunit\u00e1rios para a pr\u00e1tica de esportes por pessoas idosas nos programas habitacionais desenvolvidos pelo governo ou subsidiados por recursos p\u00fablicos. O relator, deputado Cleber [&hellip;]<\/p>\n","protected":false},"author":0,"featured_media":0,"comment_status":"open","ping_status":"open","sticky":false,"template":"","format":"standard","meta":{"footnotes":""},"categories":[1],"tags":[],"_links":{"self":[{"href":"https:\/\/jeffersonisac.adv.br\/index.php\/wp-json\/wp\/v2\/posts\/3762"}],"collection":[{"href":"https:\/\/jeffersonisac.adv.br\/index.php\/wp-json\/wp\/v2\/posts"}],"about":[{"href":"https:\/\/jeffersonisac.adv.br\/index.php\/wp-json\/wp\/v2\/types\/post"}],"replies":[{"embeddable":true,"href":"https:\/\/jeffersonisac.adv.br\/index.php\/wp-json\/wp\/v2\/comments?post=3762"}],"version-history":[{"count":0,"href":"https:\/\/jeffersonisac.adv.br\/index.php\/wp-json\/wp\/v2\/posts\/3762\/revisions"}],"wp:attachment":[{"href":"https:\/\/jeffersonisac.adv.br\/index.php\/wp-json\/wp\/v2\/media?parent=3762"}],"wp:term":[{"taxonomy":"category","embeddable":true,"href":"https:\/\/jeffersonisac.adv.br\/index.php\/wp-json\/wp\/v2\/categories?post=3762"},{"taxonomy":"post_tag","embeddable":true,"href":"https:\/\/jeffersonisac.adv.br\/index.php\/wp-json\/wp\/v2\/tags?post=3762"}],"curies":[{"name":"wp","href":"https:\/\/api.w.org\/{rel}","templated":true}]}}