{"id":3789,"date":"2023-12-01T09:04:23","date_gmt":"2023-12-01T12:04:23","guid":{"rendered":"https:\/\/jeffersonisac.adv.br\/index.php\/2023\/12\/01\/comissao-proibe-compra-de-armas-de-fogo-por-quem-responde-a-processo-de-violencia-contra-a-mulher\/"},"modified":"2023-12-01T09:04:23","modified_gmt":"2023-12-01T12:04:23","slug":"comissao-proibe-compra-de-armas-de-fogo-por-quem-responde-a-processo-de-violencia-contra-a-mulher","status":"publish","type":"post","link":"https:\/\/jeffersonisac.adv.br\/index.php\/2023\/12\/01\/comissao-proibe-compra-de-armas-de-fogo-por-quem-responde-a-processo-de-violencia-contra-a-mulher\/","title":{"rendered":"Comiss\u00e3o pro\u00edbe compra de armas de fogo por quem responde a processo de viol\u00eancia contra a mulher"},"content":{"rendered":"<div class=\"image-container\">\n<div class=\"midia-creditos\"><em>Mario Agra \/ C\u00e2mara dos Deputados<\/em><\/div>\n<div class=\"media-wrapper\"><\/div>\n<div class=\"midia-legenda\">Laura Carneiro \u00e9 a relatora da proposta<\/div>\n<\/div>\n<p>A Comiss\u00e3o de Defesa dos Direitos da Mulher da C\u00e2mara dos Deputados aprovou o <a class=\"linkProposicao\" href=\"https:\/\/www.camara.leg.br\/noticias\/1016647-projeto-proibe-compra-de-arma-de-fogo-por-agressor-de-mulheres\">Projeto de Lei 3874\/23<\/a>, que pro\u00edbe a compra, a posse e o porte de armas de fogo e muni\u00e7\u00f5es por pessoas com registro de agress\u00e3o contra mulher em inqu\u00e9rito e processo judicial.<\/p>\n<p>Pelas regras atuais, o interessado em comprar arma de fogo deve:<\/p>\n<p>ter mais de 25 anos;<br \/>\ncomprovar a necessidade da posse ou do porte de arma de fogo;<br \/>\ncomprovar sua idoneidade e a inexist\u00eancia de inqu\u00e9rito policial ou processo criminal, por meio de certid\u00f5es de antecedentes criminais das Justi\u00e7as federal, estadual, distrital, militar e eleitoral.<\/p>\n<p>Caso o detentor do porte de arma venha a responder a\u00e7\u00e3o penal ou\u00a0 inqu\u00e9rito policial que envolva viol\u00eancia dom\u00e9stica e familiar contra a mulher, a norma determina que a arma seja apreendida imediatamente.<\/p>\n<p><strong>Preven\u00e7\u00e3o<br \/>\n<\/strong>A relatora, deputada Laura Carneiro (PSD-RJ), defendeu a aprova\u00e7\u00e3o do texto. \u201cJ\u00e1 sabemos que a arma ser\u00e1 apreendida quando o indiv\u00edduo responder a processo ou inqu\u00e9rito por viol\u00eancia contra a mulher&#8221;, lembrou.<\/p>\n<p>&#8220;Mas, e se n\u00e3o tiver arma e quiser comprar e, ao mesmo tempo, estiver respondendo a um inqu\u00e9rito e processo judicial?&#8221;, questionou. &#8220;A quest\u00e3o temporal e a vis\u00e3o preventiva s\u00e3o, aqui, muito importantes, devendo envolver o trabalho atento dos \u00f3rg\u00e3os respons\u00e1veis pelas autoriza\u00e7\u00f5es\u201d, destacou a deputada.<\/p>\n<p><strong>Tramita\u00e7\u00e3o<br \/>\n<\/strong>A proposta ser\u00e1 analisada, em <span class=\"termoGlossario\">car\u00e1ter conclusivo<\/span>, pelas comiss\u00f5es de Seguran\u00e7a P\u00fablica e Combate ao Crime Organizado; e de Constitui\u00e7\u00e3o e Justi\u00e7a e de Cidadania.<\/p>\n<p><a href=\"https:\/\/www.camara.leg.br\/noticias\/573454-SAIBA-MAIS-SOBRE-A-TRAMITACAO-DE-PROJETOS-DE-LEI\">Saiba mais sobre a tramita\u00e7\u00e3o de projetos de lei<\/a><\/p>\n<p>\u00a0<\/p>\n<div><\/div>\n<p>\u00a0<\/p>","protected":false},"excerpt":{"rendered":"<p>Mario Agra \/ C\u00e2mara dos Deputados Laura Carneiro \u00e9 a relatora da proposta A Comiss\u00e3o de Defesa dos Direitos da Mulher da C\u00e2mara dos Deputados aprovou o Projeto de Lei 3874\/23, que pro\u00edbe a compra, a posse e o porte de armas de fogo e muni\u00e7\u00f5es por pessoas com registro de agress\u00e3o contra mulher em [&hellip;]<\/p>\n","protected":false},"author":0,"featured_media":0,"comment_status":"open","ping_status":"open","sticky":false,"template":"","format":"standard","meta":{"footnotes":""},"categories":[1],"tags":[],"_links":{"self":[{"href":"https:\/\/jeffersonisac.adv.br\/index.php\/wp-json\/wp\/v2\/posts\/3789"}],"collection":[{"href":"https:\/\/jeffersonisac.adv.br\/index.php\/wp-json\/wp\/v2\/posts"}],"about":[{"href":"https:\/\/jeffersonisac.adv.br\/index.php\/wp-json\/wp\/v2\/types\/post"}],"replies":[{"embeddable":true,"href":"https:\/\/jeffersonisac.adv.br\/index.php\/wp-json\/wp\/v2\/comments?post=3789"}],"version-history":[{"count":0,"href":"https:\/\/jeffersonisac.adv.br\/index.php\/wp-json\/wp\/v2\/posts\/3789\/revisions"}],"wp:attachment":[{"href":"https:\/\/jeffersonisac.adv.br\/index.php\/wp-json\/wp\/v2\/media?parent=3789"}],"wp:term":[{"taxonomy":"category","embeddable":true,"href":"https:\/\/jeffersonisac.adv.br\/index.php\/wp-json\/wp\/v2\/categories?post=3789"},{"taxonomy":"post_tag","embeddable":true,"href":"https:\/\/jeffersonisac.adv.br\/index.php\/wp-json\/wp\/v2\/tags?post=3789"}],"curies":[{"name":"wp","href":"https:\/\/api.w.org\/{rel}","templated":true}]}}