{"id":3795,"date":"2023-12-01T10:35:12","date_gmt":"2023-12-01T13:35:12","guid":{"rendered":"https:\/\/jeffersonisac.adv.br\/index.php\/2023\/12\/01\/audiencia-discute-dificuldades-enfrentadas-para-tratar-a-leucemia-mieloide-cronica\/"},"modified":"2023-12-01T10:35:12","modified_gmt":"2023-12-01T13:35:12","slug":"audiencia-discute-dificuldades-enfrentadas-para-tratar-a-leucemia-mieloide-cronica","status":"publish","type":"post","link":"https:\/\/jeffersonisac.adv.br\/index.php\/2023\/12\/01\/audiencia-discute-dificuldades-enfrentadas-para-tratar-a-leucemia-mieloide-cronica\/","title":{"rendered":"Audi\u00eancia discute dificuldades enfrentadas para tratar a leucemia mieloide cr\u00f4nica"},"content":{"rendered":"<div class=\"image-container\">\n<div class=\"midia-creditos\"><em>Getty Images<\/em><\/div>\n<div class=\"media-wrapper\"><\/div>\n<div class=\"midia-legenda\">De 2023 a 2025, devem ser registrados 11.540 novos casos de leucemia<\/div>\n<\/div>\n<p>A comiss\u00e3o especial da C\u00e2mara dos Deputados que acompanha o combate ao c\u00e2ncer no Brasil debate na quarta-feira (6) as dificuldades de tratamento da leucemia mieloide cr\u00f4nica. Essa doen\u00e7a \u00e9 um c\u00e2ncer que se inicia na medula \u00f3ssea e invade o sangue perif\u00e9rico. Afeta normalmente idosos.<\/p>\n<p>A audi\u00eancia foi sugerida pela relatora do colegiado, deputada Silvia Cristina (PL-RO), e ser\u00e1 realizada no plen\u00e1rio 15, a partir das 15h30.<\/p>\n<p><a href=\"https:\/\/www.camara.leg.br\/evento-legislativo\/71433\">Veja quem foi convidado para discutir o assunto<\/a><\/p>\n<p><strong>Debate anterior<\/strong><br \/>\nEm mar\u00e7o do ano passado, a comiss\u00e3o j\u00e1 tinha promovido um debate sobre problemas no fornecimento de medicamentos de quimioterapia oral. Um desses rem\u00e9dios \u00e9 usado no tratamento da leucemia mieloide cr\u00f4nica.<\/p>\n<p>Na ocasi\u00e3o, o presidente da Associa\u00e7\u00e3o Brasileira de Hematologia, Hemoterapia e Terapia Celular, Jos\u00e9 Francisco Marques J\u00fanior, ressaltou a import\u00e2ncia desses f\u00e1rmacos. \u201cA leucemia mieloide cr\u00f4nica \u00e9 uma doen\u00e7a incur\u00e1vel, mas control\u00e1vel. Esses rem\u00e9dios revolucionaram o tratamento dessa enfermidade. Com eles, a sobrevida do paciente passa a ser praticamente igual a quem n\u00e3o tem leucemia.\u201d<\/p>\n<p><a href=\"https:\/\/www.camara.leg.br\/noticias\/861366-REVISOES-CONTRATUAIS-E-ATRASOS-EM-LICITACAO-SUSPENDERAM-ENTREGA-DE-REMEDIOS-CONTRA-LEUCEMIA,-DIZ-GOVERNO\">Revis\u00f5es contratuais e atrasos em licita\u00e7\u00e3o suspenderam entrega de rem\u00e9dios contra leucemia, diz governo<\/a><\/p>\n<p><strong>N\u00fameros<\/strong><br \/>\nO Instituto Nacional do C\u00e2ncer (Inca) estima que, entre 2023 e 2025, ser\u00e3o registrados 11.540 novos casos.<\/p>\n<p>Sem considerar os tumores de pele n\u00e3o melanoma, a leucemia ocupa a d\u00e9cima posi\u00e7\u00e3o entre os tipos mais frequentes, atr\u00e1s dos c\u00e2nceres de mama; pr\u00f3stata; c\u00f3lon e reto; traqueia, br\u00f4nquio e pulm\u00e3o; est\u00f4mago; \u00fatero; tireoide; cavidade oral e Linfoma n\u00e3o Hodgkin, nesta ordem.<\/p>","protected":false},"excerpt":{"rendered":"<p>Getty Images De 2023 a 2025, devem ser registrados 11.540 novos casos de leucemia A comiss\u00e3o especial da C\u00e2mara dos Deputados que acompanha o combate ao c\u00e2ncer no Brasil debate na quarta-feira (6) as dificuldades de tratamento da leucemia mieloide cr\u00f4nica. Essa doen\u00e7a \u00e9 um c\u00e2ncer que se inicia na medula \u00f3ssea e invade o [&hellip;]<\/p>\n","protected":false},"author":0,"featured_media":0,"comment_status":"open","ping_status":"open","sticky":false,"template":"","format":"standard","meta":{"footnotes":""},"categories":[1],"tags":[],"_links":{"self":[{"href":"https:\/\/jeffersonisac.adv.br\/index.php\/wp-json\/wp\/v2\/posts\/3795"}],"collection":[{"href":"https:\/\/jeffersonisac.adv.br\/index.php\/wp-json\/wp\/v2\/posts"}],"about":[{"href":"https:\/\/jeffersonisac.adv.br\/index.php\/wp-json\/wp\/v2\/types\/post"}],"replies":[{"embeddable":true,"href":"https:\/\/jeffersonisac.adv.br\/index.php\/wp-json\/wp\/v2\/comments?post=3795"}],"version-history":[{"count":0,"href":"https:\/\/jeffersonisac.adv.br\/index.php\/wp-json\/wp\/v2\/posts\/3795\/revisions"}],"wp:attachment":[{"href":"https:\/\/jeffersonisac.adv.br\/index.php\/wp-json\/wp\/v2\/media?parent=3795"}],"wp:term":[{"taxonomy":"category","embeddable":true,"href":"https:\/\/jeffersonisac.adv.br\/index.php\/wp-json\/wp\/v2\/categories?post=3795"},{"taxonomy":"post_tag","embeddable":true,"href":"https:\/\/jeffersonisac.adv.br\/index.php\/wp-json\/wp\/v2\/tags?post=3795"}],"curies":[{"name":"wp","href":"https:\/\/api.w.org\/{rel}","templated":true}]}}