{"id":3804,"date":"2023-12-01T12:33:59","date_gmt":"2023-12-01T15:33:59","guid":{"rendered":"https:\/\/jeffersonisac.adv.br\/index.php\/2023\/12\/01\/comissoes-promovem-debate-sobre-falta-de-energia-eletrica-em-sao-paulo\/"},"modified":"2023-12-01T12:33:59","modified_gmt":"2023-12-01T15:33:59","slug":"comissoes-promovem-debate-sobre-falta-de-energia-eletrica-em-sao-paulo","status":"publish","type":"post","link":"https:\/\/jeffersonisac.adv.br\/index.php\/2023\/12\/01\/comissoes-promovem-debate-sobre-falta-de-energia-eletrica-em-sao-paulo\/","title":{"rendered":"Comiss\u00f5es promovem debate sobre falta de energia el\u00e9trica em S\u00e3o Paulo"},"content":{"rendered":"<div class=\"image-container\">\n<div class=\"midia-creditos\"><em>Rovena Rosa\/Ag\u00eancia Brasil<\/em><\/div>\n<div class=\"media-wrapper\"><\/div>\n<div class=\"midia-legenda\">Produtos aliment\u00edcios estragados por falta de refrigera\u00e7\u00e3o ap\u00f3s blecaute de energia da Enel<\/div>\n<\/div>\n<p>A comiss\u00f5es de Minas e Energia; e de Defesa do Consumidor da C\u00e2mara dos Deputados promovem audi\u00eancia p\u00fablica conjunta nesta quarta-feira (6) sobre a falta de energia el\u00e9trica que afetou v\u00e1rios munic\u00edpios e mais de 2 milh\u00f5es de pessoas no estado de S\u00e3o Paulo no dia 3 de novembro. O blecaute aconteceu ap\u00f3s uma tempestade.<\/p>\n<p>O debate foi solicitado pelos deputados Rodrigo de Castro (Uni\u00e3o-MG), Arnaldo Jardim (Cidadania-SP), Ivan Valente (Psol-RJ) e Celso Russomanno (Republicano-SP).\u00a0A audi\u00eancia p\u00fablica ser\u00e1 realizada \u00e0s 10 horas, no plen\u00e1rio 14.<\/p>\n<p><a href=\"https:\/\/www.camara.leg.br\/evento-legislativo\/71330\">Veja a lista de convidados\u00a0<\/a><\/p>\n<p>Para Rodrigo de Castro, \u00e9 importante que a popula\u00e7\u00e3o afetada receba esclarecimentos sobre o que aconteceu e saiba detalhes sobre a retomada dos servi\u00e7os.<\/p>\n<p>&#8220;O representante da Enel poder\u00e1 esclarecer quais foram os esfor\u00e7os realizados pela empresa para restabelecer o servi\u00e7o. Ap\u00f3s tr\u00eas dias da ocorr\u00eancia da interrup\u00e7\u00e3o, mais de meio milh\u00e3o de im\u00f3veis na regi\u00e3o metropolitana de S\u00e3o Paulo permanecia sem o fornecimento de energia el\u00e9trica&#8221;, lembrou.<\/p>\n<p>Os parlamentares querem saber, entre outros pontos, se a demora em reestabelecer o servi\u00e7o tem rela\u00e7\u00e3o com a redu\u00e7\u00e3o do quadro de pessoal da empresa. Al\u00e9m disso, querem esclarecimentos sobre a como a empresa pretende reduzir e ressarcir os preju\u00edzos dos usu\u00e1rios decorrentes da falta do servi\u00e7o.<\/p>\n<p>&#8220;Tamb\u00e9m \u00e9 essencial que a Aneel apresente seu plano de acompanhamento<br \/>\ndas a\u00e7\u00f5es a serem adotadas pela empresa para enfrentar as consequ\u00eancias dessa grave interrup\u00e7\u00e3o&#8221;, acrescenta Rodrigo de Castro.<\/p>","protected":false},"excerpt":{"rendered":"<p>Rovena Rosa\/Ag\u00eancia Brasil Produtos aliment\u00edcios estragados por falta de refrigera\u00e7\u00e3o ap\u00f3s blecaute de energia da Enel A comiss\u00f5es de Minas e Energia; e de Defesa do Consumidor da C\u00e2mara dos Deputados promovem audi\u00eancia p\u00fablica conjunta nesta quarta-feira (6) sobre a falta de energia el\u00e9trica que afetou v\u00e1rios munic\u00edpios e mais de 2 milh\u00f5es de pessoas [&hellip;]<\/p>\n","protected":false},"author":0,"featured_media":0,"comment_status":"open","ping_status":"open","sticky":false,"template":"","format":"standard","meta":{"footnotes":""},"categories":[1],"tags":[],"_links":{"self":[{"href":"https:\/\/jeffersonisac.adv.br\/index.php\/wp-json\/wp\/v2\/posts\/3804"}],"collection":[{"href":"https:\/\/jeffersonisac.adv.br\/index.php\/wp-json\/wp\/v2\/posts"}],"about":[{"href":"https:\/\/jeffersonisac.adv.br\/index.php\/wp-json\/wp\/v2\/types\/post"}],"replies":[{"embeddable":true,"href":"https:\/\/jeffersonisac.adv.br\/index.php\/wp-json\/wp\/v2\/comments?post=3804"}],"version-history":[{"count":0,"href":"https:\/\/jeffersonisac.adv.br\/index.php\/wp-json\/wp\/v2\/posts\/3804\/revisions"}],"wp:attachment":[{"href":"https:\/\/jeffersonisac.adv.br\/index.php\/wp-json\/wp\/v2\/media?parent=3804"}],"wp:term":[{"taxonomy":"category","embeddable":true,"href":"https:\/\/jeffersonisac.adv.br\/index.php\/wp-json\/wp\/v2\/categories?post=3804"},{"taxonomy":"post_tag","embeddable":true,"href":"https:\/\/jeffersonisac.adv.br\/index.php\/wp-json\/wp\/v2\/tags?post=3804"}],"curies":[{"name":"wp","href":"https:\/\/api.w.org\/{rel}","templated":true}]}}