{"id":3808,"date":"2023-12-01T14:13:46","date_gmt":"2023-12-01T17:13:46","guid":{"rendered":"https:\/\/jeffersonisac.adv.br\/index.php\/2023\/12\/01\/audiencia-na-camara-vai-discutir-ativismo-judicial-e-legitimidade-democratica\/"},"modified":"2023-12-01T14:13:46","modified_gmt":"2023-12-01T17:13:46","slug":"audiencia-na-camara-vai-discutir-ativismo-judicial-e-legitimidade-democratica","status":"publish","type":"post","link":"https:\/\/jeffersonisac.adv.br\/index.php\/2023\/12\/01\/audiencia-na-camara-vai-discutir-ativismo-judicial-e-legitimidade-democratica\/","title":{"rendered":"Audi\u00eancia na C\u00e2mara vai discutir ativismo judicial e legitimidade democr\u00e1tica"},"content":{"rendered":"<div class=\"image-container\">\n<div class=\"midia-creditos\"><em>Will Shutter \/ C\u00e2mara dos Deputados<\/em><\/div>\n<div class=\"media-wrapper\"><\/div>\n<div class=\"midia-legenda\">O debate foi pedido pelo deputado Rui Falc\u00e3o<\/div>\n<\/div>\n<p>A Comiss\u00e3o de Constitui\u00e7\u00e3o e Justi\u00e7a e de Cidadania da C\u00e2mara dos Deputados promove audi\u00eancia p\u00fablica na quarta-feira (6) sobre o chamado &#8220;ativismo judicial&#8221; e a legitimidade democr\u00e1tica.<\/p>\n<p>O presidente do colegiado, deputado Rui Falc\u00e3o (PT-SP), foi quem pediu o debate. Ele argumenta que, nos \u00faltimos dois anos, houve muita discuss\u00e3o sobre os limites constitucionais da atua\u00e7\u00e3o das For\u00e7as Armadas.<\/p>\n<p>Alguns, afirma o deputado, entendem que as For\u00e7as Armadas seriam uma esp\u00e9cie de poder moderador e deviam desempenhar o papel de \u00e1rbitro de conflitos interinstitucionais. &#8220;De outro lado, pugnou-se pela interdi\u00e7\u00e3o, em absoluto, dessa fun\u00e7\u00e3o moderadora&#8221;, acrescenta Falc\u00e3o.<\/p>\n<p>Por isso, ele defende a import\u00e2ncia de se identificar os limites e possibilidades da atua\u00e7\u00e3o das For\u00e7as Armadas.<\/p>\n<p><strong>Legitimidade democr\u00e1tica<\/strong><br \/>\nA audi\u00eancia tamb\u00e9m vai discutir o ativismo judicial. Rui Falc\u00e3o afirma que existe um amplo debate contempor\u00e2neo sobre o que se convencionou chamar de ativismo judicial. &#8220;Se ele existe (ou n\u00e3o), o que \u00e9 ativismo, quais seus limites dentro das democracias constitucionais, suas dimens\u00f5es, em que contextos a atua\u00e7\u00e3o do Judici\u00e1rio, em especial das Supremas Cortes, pode, ou n\u00e3o, ser mais incisiva ou particularista.&#8221;<\/p>\n<p>Segundo o deputado, os dois debates &#8220;se conectam umbilicalmente com a defesa das institui\u00e7\u00f5es democr\u00e1ticas&#8221;.<\/p>\n<p>A audi\u00eancia ser\u00e1 realizada no plen\u00e1rio 1, a partir das 14 horas.<\/p>\n<p><a href=\"https:\/\/www.camara.leg.br\/evento-legislativo\/70835\">Veja quem foi convidado para discutir o assunto<\/a><\/p>","protected":false},"excerpt":{"rendered":"<p>Will Shutter \/ C\u00e2mara dos Deputados O debate foi pedido pelo deputado Rui Falc\u00e3o A Comiss\u00e3o de Constitui\u00e7\u00e3o e Justi\u00e7a e de Cidadania da C\u00e2mara dos Deputados promove audi\u00eancia p\u00fablica na quarta-feira (6) sobre o chamado &#8220;ativismo judicial&#8221; e a legitimidade democr\u00e1tica. O presidente do colegiado, deputado Rui Falc\u00e3o (PT-SP), foi quem pediu o debate. [&hellip;]<\/p>\n","protected":false},"author":0,"featured_media":0,"comment_status":"open","ping_status":"open","sticky":false,"template":"","format":"standard","meta":{"footnotes":""},"categories":[1],"tags":[],"_links":{"self":[{"href":"https:\/\/jeffersonisac.adv.br\/index.php\/wp-json\/wp\/v2\/posts\/3808"}],"collection":[{"href":"https:\/\/jeffersonisac.adv.br\/index.php\/wp-json\/wp\/v2\/posts"}],"about":[{"href":"https:\/\/jeffersonisac.adv.br\/index.php\/wp-json\/wp\/v2\/types\/post"}],"replies":[{"embeddable":true,"href":"https:\/\/jeffersonisac.adv.br\/index.php\/wp-json\/wp\/v2\/comments?post=3808"}],"version-history":[{"count":0,"href":"https:\/\/jeffersonisac.adv.br\/index.php\/wp-json\/wp\/v2\/posts\/3808\/revisions"}],"wp:attachment":[{"href":"https:\/\/jeffersonisac.adv.br\/index.php\/wp-json\/wp\/v2\/media?parent=3808"}],"wp:term":[{"taxonomy":"category","embeddable":true,"href":"https:\/\/jeffersonisac.adv.br\/index.php\/wp-json\/wp\/v2\/categories?post=3808"},{"taxonomy":"post_tag","embeddable":true,"href":"https:\/\/jeffersonisac.adv.br\/index.php\/wp-json\/wp\/v2\/tags?post=3808"}],"curies":[{"name":"wp","href":"https:\/\/api.w.org\/{rel}","templated":true}]}}