{"id":3815,"date":"2023-12-01T20:08:36","date_gmt":"2023-12-01T23:08:36","guid":{"rendered":"https:\/\/jeffersonisac.adv.br\/index.php\/2023\/12\/01\/comissao-de-saude-debate-importancia-da-informacao-sobre-virus-htlv-da-mesma-familia-do-hiv\/"},"modified":"2023-12-01T20:08:36","modified_gmt":"2023-12-01T23:08:36","slug":"comissao-de-saude-debate-importancia-da-informacao-sobre-virus-htlv-da-mesma-familia-do-hiv","status":"publish","type":"post","link":"https:\/\/jeffersonisac.adv.br\/index.php\/2023\/12\/01\/comissao-de-saude-debate-importancia-da-informacao-sobre-virus-htlv-da-mesma-familia-do-hiv\/","title":{"rendered":"Comiss\u00e3o de Sa\u00fade debate import\u00e2ncia da informa\u00e7\u00e3o sobre v\u00edrus HTLV, da mesma fam\u00edlia do HIV"},"content":{"rendered":"<div class=\"image-container\">\n<div class=\"midia-creditos\"><em>Camila Souza\/Governo da Bahia<\/em><\/div>\n<div class=\"media-wrapper\"><\/div>\n<div class=\"midia-legenda\">HTLV \u00e9 um v\u00edrus sexualmente transmiss\u00edvel<\/div>\n<\/div>\n<p>A Comiss\u00e3o de Sa\u00fade da C\u00e2mara dos Deputados debate na ter\u00e7a-feira (5) a import\u00e2ncia da informa\u00e7\u00e3o sobre o v\u00edrus HTLV e formas de enfrentamento.<\/p>\n<p>O HTLV \u00e9 um v\u00edrus da mesma fam\u00edlia do HIV e infecta c\u00e9lulas importantes para a defesa do organismo. Apesar de ser conhecido desde 1980, hoje em dia o v\u00edrus continua representando um grande desafio para a ci\u00eancia.<\/p>\n<p>Autor do pedido para realiza\u00e7\u00e3o da audi\u00eancia p\u00fablica, o deputado Jorge Solla (PT-BA), que tamb\u00e9m \u00e9 m\u00e9dico, alerta para o grande n\u00famero de casos no Brasil, que pode chegar a 2,5 milh\u00f5es de pessoas. &#8220;O HTLV encontra-se presente em todas as regi\u00f5es brasileiras, concentrando-se em popula\u00e7\u00f5es negligenciadas. Observa-se maior preval\u00eancia em mulheres negras, em indiv\u00edduos com baixa renda e escolaridade&#8221;, destacou.<\/p>\n<p>O deputado quer buscar alternativas para o enfrentamento desta doen\u00e7a sexualmente transmiss\u00edvel. &#8220;A informa\u00e7\u00e3o sobre os riscos da doen\u00e7a e a ado\u00e7\u00e3o de cuidados s\u00e3o as formas de preven\u00e7\u00e3o conhecidas. Ainda s\u00e3o poucas e isoladas as iniciativas para preven\u00e7\u00e3o e controle da infec\u00e7\u00e3o pelo HTLV no Brasil e, portanto, a possibilidade de manuten\u00e7\u00e3o e at\u00e9 crescimento do n\u00famero de novos casos \u00e9 uma realidade&#8221;, afirmou.<\/p>\n<p>O debate ocorre \u00e0s 10 horas, no plen\u00e1rio 7. <a href=\"https:\/\/www.camara.leg.br\/evento-legislativo\/71355\">Confira a lista de participantes<\/a>.<\/p>","protected":false},"excerpt":{"rendered":"<p>Camila Souza\/Governo da Bahia HTLV \u00e9 um v\u00edrus sexualmente transmiss\u00edvel A Comiss\u00e3o de Sa\u00fade da C\u00e2mara dos Deputados debate na ter\u00e7a-feira (5) a import\u00e2ncia da informa\u00e7\u00e3o sobre o v\u00edrus HTLV e formas de enfrentamento. O HTLV \u00e9 um v\u00edrus da mesma fam\u00edlia do HIV e infecta c\u00e9lulas importantes para a defesa do organismo. Apesar de [&hellip;]<\/p>\n","protected":false},"author":0,"featured_media":0,"comment_status":"open","ping_status":"open","sticky":false,"template":"","format":"standard","meta":{"footnotes":""},"categories":[1],"tags":[],"_links":{"self":[{"href":"https:\/\/jeffersonisac.adv.br\/index.php\/wp-json\/wp\/v2\/posts\/3815"}],"collection":[{"href":"https:\/\/jeffersonisac.adv.br\/index.php\/wp-json\/wp\/v2\/posts"}],"about":[{"href":"https:\/\/jeffersonisac.adv.br\/index.php\/wp-json\/wp\/v2\/types\/post"}],"replies":[{"embeddable":true,"href":"https:\/\/jeffersonisac.adv.br\/index.php\/wp-json\/wp\/v2\/comments?post=3815"}],"version-history":[{"count":0,"href":"https:\/\/jeffersonisac.adv.br\/index.php\/wp-json\/wp\/v2\/posts\/3815\/revisions"}],"wp:attachment":[{"href":"https:\/\/jeffersonisac.adv.br\/index.php\/wp-json\/wp\/v2\/media?parent=3815"}],"wp:term":[{"taxonomy":"category","embeddable":true,"href":"https:\/\/jeffersonisac.adv.br\/index.php\/wp-json\/wp\/v2\/categories?post=3815"},{"taxonomy":"post_tag","embeddable":true,"href":"https:\/\/jeffersonisac.adv.br\/index.php\/wp-json\/wp\/v2\/tags?post=3815"}],"curies":[{"name":"wp","href":"https:\/\/api.w.org\/{rel}","templated":true}]}}